{"id":11026,"date":"2020-08-12T16:38:09","date_gmt":"2020-08-12T19:38:09","guid":{"rendered":"https:\/\/enotas.com.br\/blog\/?p=11026"},"modified":"2020-11-10T10:43:45","modified_gmt":"2020-11-10T12:43:45","slug":"daf-dispositivo-autenticador-fiscal","status":"publish","type":"post","link":"https:\/\/enotas.com.br\/blog\/daf-dispositivo-autenticador-fiscal\/","title":{"rendered":"O que \u00e9 o DAF em Santa Catarina?"},"content":{"rendered":"<p dir=\"ltr\">Em uma reuni\u00e3o dos membros da Afrac (Associa\u00e7\u00e3o Brasileira de Automa\u00e7\u00e3o para o Com\u00e9rcio) com a Secretaria da Fazenda de Santa Catarina em agosto de 2020, foram divulgadas novidades sobre a <a href=\"https:\/\/enotas.com.br\/blog\/nfce-em-santa-catarina\/\" style=\"outline: none;\" target=\"_blank\" rel=\"noopener noreferrer\">NFC-e em SC<\/a>.&nbsp;<\/p>\n<p dir=\"ltr\">Em resumo, <strong>haver\u00e1 um equipamento f\u00edsico (hardware) chamado Dispositivo Autorizador Fiscal (DAF)<\/strong>. O DAF ser\u00e1 utilizado pelo varejo catarinense para emitir a nota fiscal de consumidor eletr\u00f4nica.&nbsp;<\/p>\n<p dir=\"ltr\">Seu funcionamento ser\u00e1 semelhante ao SAT Fiscal em S\u00e3o Paulo e o MFE no Cear\u00e1, mas com algumas diferen\u00e7as. Reunimos as principais informa\u00e7\u00f5es j\u00e1 disponibilizadas sobre o DAF neste post.&nbsp;<\/p>\n<p dir=\"ltr\"><strong><em>* Como n\u00e3o foi divulgado nenhuma Lei, as informa\u00e7\u00f5es abaixo podem ser atualizadas a qualquer momento. <\/em><\/strong><\/p>\n<h2 data-indice=\"0\" data-viewport=\"indice\" dir=\"ltr\" id=\"indice-0\">O que \u00e9 o DAF?<\/h2>\n<p dir=\"ltr\">O <strong>DAF<\/strong> \u00e9 um dispositivo f\u00edsico que autenticar\u00e1 as vendas do varejo do Estado de Santa Catarina e far\u00e1 parte do fluxo de emiss\u00e3o de NFC-e em SC. Ele est\u00e1 sendo desenvolvido pelo Instituto T\u00e9cnico Federal de Santa Catarina.<\/p>\n<p dir=\"ltr\">De acordo com a Sefaz, o modelo de conting\u00eancia adotado tradicionalmente com a NFC-e oferece algumas dificuldades para a fiscaliza\u00e7\u00e3o do estado, como o alto \u00edndice de rejei\u00e7\u00f5es. Al\u00e9m disso, os outros dispositivos f\u00edsicos <a href=\"https:\/\/enotas.com.br\/blog\/sat-fiscal\/\" style=\"outline: none;\" target=\"_blank\" rel=\"noopener noreferrer\">SAT Fiscal <\/a>e <a href=\"https:\/\/enotas.com.br\/blog\/modulo-fiscal-eletronico-mfe\/\" style=\"outline: none;\" target=\"_blank\" rel=\"noopener noreferrer\">MFE<\/a> n\u00e3o facilitam as vendas mobile.&nbsp;<\/p>\n<p><span><a href=\"https:\/\/enotas.com.br\/blog\/ebook\/guia-pratico-sat-fiscal\/\" target=\"_blank\" rel=\"noopener noreferrer\"><img decoding=\"async\" alt=\"Banner Guia Pr\u00e1tico Sat Fiscal\" data-id=\"11491\" width=\"500\" data-init-width=\"760\" height=\"251\" data-init-height=\"382\" title=\"eNotas_Banner-2-Blog-eBook-SAT-Fiscal-em-Sao-Paulo\" loading=\"lazy\" src=\"https:\/\/enotas.com.br\/blog\/wp-content\/uploads\/2020\/09\/eNotas_Banner-2-Blog-eBook-SAT-Fiscal-em-Sao-Paulo.png\" data-width=\"500\" data-height=\"251\" style=\"\" data-link-wrap=\"true\"><\/a><\/span><\/p>\n<p dir=\"ltr\">Por isso, o DAF est\u00e1 sendo criado para oferecer uma op\u00e7\u00e3o mais segura e eficiente aos contribuintes. Por enquanto, a conex\u00e3o com o DAF ser\u00e1 feita via USB (de qualquer padr\u00e3o f\u00edsico), mas est\u00e3o sendo estudados modelos em nuvem tamb\u00e9m. Ele tamb\u00e9m n\u00e3o ter\u00e1 conex\u00e3o \u00e0 internet, sua interface \u00e9 uma API que se comunica com o software do PDV.&nbsp;<\/p>\n<p dir=\"ltr\">O DAF ter\u00e1 uma mem\u00f3ria din\u00e2mica. Ele vai armazenar alguns dados da transa\u00e7\u00e3o \u2014 que ainda n\u00e3o foram revelados, at\u00e9 que o aplicativo comercial consiga a autoriza\u00e7\u00e3o da Sefaz. Quando isso acontecer, o DAF as apagar\u00e1 automaticamente para liberar espa\u00e7o em sua mem\u00f3ria.<\/p>\n<p dir=\"ltr\">H\u00e1 previs\u00e3o de uma consulta p\u00fablica em setembro de 2020 para que as empresas avaliem e entendam mais sobre o DAF.&nbsp;<\/p>\n<p dir=\"ltr\">Veja um breve resumo dos marcos da NFC-e em SC:<\/p>\n<ul>\n<li>fevereiro\/2020: regulamenta\u00e7\u00e3o da NFC-e<\/li>\n<li>abril\/2020: divulga\u00e7\u00e3o das primeiras informa\u00e7\u00f5es (layout, autoriza\u00e7\u00e3o de uso, Danfe, cancelamento, inutiliza\u00e7\u00e3o e mais)<\/li>\n<li>junho\/2020: lan\u00e7adas as regras de participa\u00e7\u00e3o do projeto piloto<\/li>\n<li>agosto\/2020: an\u00fancio do DAF (Dispositivo Autenticador Fiscal)<\/li>\n<\/ul>\n<p><strong>aten\u00e7\u00e3o!<\/strong><\/p>\n<p>E se voc\u00ea quer ficar por dentro de todos os detalhes e acompanhar todo o processo de implementa\u00e7\u00e3o da NFC-e em Santa Catarina, ent\u00e3o n\u00e3o deixei de acessar o nosso material completo:&nbsp;<a href=\"https:\/\/enotas.com.br\/blog\/nfc-e-em-santa-catarina\/\" target=\"_blank\" style=\"outline: none;\" rel=\"noopener noreferrer\"><strong>NFC-e em Santa Catarina: Tudo que voc\u00ea precisa saber<\/strong><\/a><\/p>\n<h2 data-indice=\"1\" data-viewport=\"indice\" dir=\"ltr\" id=\"indice-1\">Qual ser\u00e1 o fluxo de emiss\u00e3o da NFC-e com o DAF?<\/h2>\n<p dir=\"ltr\">O fluxo de emiss\u00e3o ser\u00e1 assim:&nbsp;<\/p>\n<ul>\n<li dir=\"ltr\">o aplicativo comercial cria o <a href=\"https:\/\/enotas.com.br\/blog\/o-que-e-arquivo-xml-da-nfe\/\" style=\"outline: none;\" target=\"_blank\" rel=\"noopener noreferrer\">XML<\/a>;&nbsp;<\/li>\n<li dir=\"ltr\">o DAF valida o XML e armazena algumas informa\u00e7\u00f5es da venda por seguran\u00e7a;<\/li>\n<li dir=\"ltr\">o aplicativo manda para a <a href=\"https:\/\/enotas.com.br\/blog\/sefaz-virtual\/\" style=\"outline: none;\" target=\"_blank\" rel=\"noopener noreferrer\">Sefaz Virtual<\/a> do RS;<\/li>\n<li dir=\"ltr\">a NFC-e \u00e9 emitida;<\/li>\n<li dir=\"ltr\">o DAF elimina os dados armazenados.&nbsp;<\/li>\n<\/ul>\n<h2 data-indice=\"2\" data-viewport=\"indice\" dir=\"ltr\" id=\"indice-2\">Quando o DAF ser\u00e1 obrigat\u00f3rio?<\/h2>\n<p dir=\"ltr\">At\u00e9 o momento, a ideia \u00e9 que o DAF seja obrigat\u00f3rio a partir de 2022, mas a data definitiva n\u00e3o foi estipulada ainda.&nbsp;<\/p>\n<p dir=\"ltr\">Durante o per\u00edodo de transi\u00e7\u00e3o, ser\u00e1 adotado um modelo de chamado PAF-DAF.&nbsp;<strong>A conting\u00eancia do DAF ser\u00e1 via Cupom Fiscal (PAF-ECF)<\/strong> quando houver algum problema de comunica\u00e7\u00e3o com a Sefaz.&nbsp;<\/p>\n<p dir=\"ltr\">Como ainda falta algum tempo at\u00e9 o lan\u00e7amento do DAF, algumas informa\u00e7\u00f5es e exig\u00eancias podem ser alteradas. Por isso, \u00e9 fundamental que voc\u00ea acompanhe de perto tudo o que acontece com a NFC-e em Santa Catarina.&nbsp;<\/p>\n<p dir=\"ltr\">Se voc\u00ea quer ter comodidade para isso, n\u00e3o precisar procurar reportagens em v\u00e1rios portais e investir seu tempo em quest\u00f5es mais importantes para o seu neg\u00f3cio, \u00e9 s\u00f3 participar do nosso canal do Telegram, o eNotas News.&nbsp;<\/p>\n<p dir=\"ltr\">Reunimos as not\u00edcias mais quentes do mercado fiscal e cont\u00e1bil para ERPs e sistemas no Brasil. Para participar do <strong>eNotas News<\/strong>, \u00e9 s\u00f3 clicar no bot\u00e3o abaixo \ud83d\ude42<\/p>\n<p><a href=\"https:\/\/t.me\/joinchat\/AAAAAE1tVhEpLbmHLid4Mw\" style=\"outline: none;\" target=\"_blank\" rel=\"noopener noreferrer\">Participar do eNotas News!<\/a><\/p>\n","protected":false},"excerpt":{"rendered":"<p>Em uma reuni\u00e3o dos membros da Afrac (Associa\u00e7\u00e3o Brasileira de Automa\u00e7\u00e3o para o Com\u00e9rcio) com a Secretaria da Fazenda de Santa Catarina em agosto de 2020, foram divulgadas novidades sobre a NFC-e em SC.&nbsp; Em resumo, haver\u00e1 um equipamento f\u00edsico (hardware) chamado Dispositivo Autorizador Fiscal (DAF). O DAF ser\u00e1 utilizado pelo varejo catarinense para emitir [&#8230;]<\/p>\n","protected":false},"author":15,"featured_media":11032,"comment_status":"open","ping_status":"closed","sticky":false,"template":"","format":"standard","meta":{"footnotes":""},"categories":[7,204],"tags":[],"class_list":["post-11026","post","type-post","status-publish","format-standard","has-post-thumbnail","hentry","category-legalizacao","category-notas-fiscais"],"_links":{"self":[{"href":"https:\/\/enotas.com.br\/blog\/wp-json\/wp\/v2\/posts\/11026","targetHints":{"allow":["GET"]}}],"collection":[{"href":"https:\/\/enotas.com.br\/blog\/wp-json\/wp\/v2\/posts"}],"about":[{"href":"https:\/\/enotas.com.br\/blog\/wp-json\/wp\/v2\/types\/post"}],"author":[{"embeddable":true,"href":"https:\/\/enotas.com.br\/blog\/wp-json\/wp\/v2\/users\/15"}],"replies":[{"embeddable":true,"href":"https:\/\/enotas.com.br\/blog\/wp-json\/wp\/v2\/comments?post=11026"}],"version-history":[{"count":14,"href":"https:\/\/enotas.com.br\/blog\/wp-json\/wp\/v2\/posts\/11026\/revisions"}],"predecessor-version":[{"id":12516,"href":"https:\/\/enotas.com.br\/blog\/wp-json\/wp\/v2\/posts\/11026\/revisions\/12516"}],"wp:featuredmedia":[{"embeddable":true,"href":"https:\/\/enotas.com.br\/blog\/wp-json\/wp\/v2\/media\/11032"}],"wp:attachment":[{"href":"https:\/\/enotas.com.br\/blog\/wp-json\/wp\/v2\/media?parent=11026"}],"wp:term":[{"taxonomy":"category","embeddable":true,"href":"https:\/\/enotas.com.br\/blog\/wp-json\/wp\/v2\/categories?post=11026"},{"taxonomy":"post_tag","embeddable":true,"href":"https:\/\/enotas.com.br\/blog\/wp-json\/wp\/v2\/tags?post=11026"}],"curies":[{"name":"wp","href":"https:\/\/api.w.org\/{rel}","templated":true}]}}