{"id":15893,"date":"2021-02-18T17:29:42","date_gmt":"2021-02-18T19:29:42","guid":{"rendered":"https:\/\/enotas.com.br\/blog\/?p=15893"},"modified":"2024-10-28T17:49:29","modified_gmt":"2024-10-28T20:49:29","slug":"fundo-de-combate-a-pobreza","status":"publish","type":"post","link":"https:\/\/enotas.com.br\/blog\/fundo-de-combate-a-pobreza\/","title":{"rendered":"Fundo de combate \u00e0 pobreza: descubra o que \u00e9 e como funciona"},"content":{"rendered":"<p dir=\"ltr\"><strong>Acompanhe o nosso post e descubra como funciona o fundo de combate \u00e0 pobreza e o que esse campo tem a ver com a emiss\u00e3o de nota fiscal.<\/strong><\/p>\n<p dir=\"ltr\">O campo de <strong>Fundo de Combate \u00e0 Pobreza (FCP)<\/strong> \u00e9 um mecanismo de arrecada\u00e7\u00e3o inclu\u00eddo em tributos. Ele tem algumas fun\u00e7\u00f5es, como:<\/p>\n<ul>\n<li><strong>Financiamento de programas sociais;<\/strong><\/li>\n<li>Atua\u00e7\u00e3o direta na redu\u00e7\u00e3o da desigualdade social;<\/li>\n<li><strong>Garantia de direitos para a popula\u00e7\u00e3o;<\/strong><\/li>\n<li>Complemento para as pol\u00edticas p\u00fablicas.<\/li>\n<\/ul>\n<p dir=\"ltr\">Por isso, \u00e9 muito importante entender onde este recurso \u00e9 cobrado, para que se destina e como ele \u00e9 apresentado na nota fiscal.&nbsp;<\/p>\n<p dir=\"ltr\">Confira tudo sobre o <strong>Fundo de Combate \u00e0 Pobreza <\/strong>neste post:<\/p>\n<blockquote style=\"\"><p><strong>Veja tamb\u00e9m:<\/strong><\/p><\/blockquote>\n<blockquote><p><a href=\"\" style=\"outline: none;\" target=\"_blank\" rel=\"noopener\"><\/a><a href=\"https:\/\/enotas.com.br\/blog\/ebook\/tabela-cnae\/\" target=\"_blank\" style=\"outline: none;\" rel=\"noopener\">Tabela CNAE atualizada<\/a><\/p><\/blockquote>\n<blockquote><p><a href=\"\" target=\"_blank\" style=\"outline: none;\" rel=\"noopener\"><\/a><a href=\"https:\/\/enotas.com.br\/blog\/ebook\/7-pontos-cruciais-nfse-brasil\/\" target=\"_blank\" style=\"outline: none;\" rel=\"noopener\">7 pontos cruciais para emitir Nota Fiscal de Servi\u00e7o eletr\u00f4nica em n\u00edvel nacional<\/a><\/p><\/blockquote>\n<blockquote><p><a href=\"\" style=\"outline: none;\" target=\"_blank\" rel=\"noopener\"><\/a><a href=\"https:\/\/enotas.com.br\/blog\/cest\/\" target=\"_blank\" style=\"outline: none;\" rel=\"noopener\">O que \u00e9 CEST? Onde encontrar a tabela?<\/a><\/p><\/blockquote>\n<h2 dir=\"ltr\" id=\"indice-0\" data-indice=\"0\" data-viewport=\"indice\">O que \u00e9 o Fundo de combate \u00e0 pobreza<\/h2>\n<p dir=\"ltr\">O <strong>Fundo de Combate \u00e0 Pobreza (FCP)<\/strong>, \u00e9 um recurso de arrecada\u00e7\u00e3o, <strong>destinado a minimizar o impacto das desigualdades sociais entre os estados brasileiros.<\/strong> Ele funciona como uma al\u00edquota adicional no recolhimento do <a href=\"https:\/\/enotas.com.br\/blog\/o-que-e-o-icms\/\" target=\"_blank\" style=\"outline: none;\" rel=\"noopener\">ICMS<\/a>, o Imposto sobre Circula\u00e7\u00e3o de Mercadorias e Presta\u00e7\u00e3o de Servi\u00e7os.&nbsp;<\/p>\n<p dir=\"ltr\">Este fundo est\u00e1 previsto no artigo 82 do Ato das Disposi\u00e7\u00f5es Constitucionais Transit\u00f3rias da Constitui\u00e7\u00e3o Federal.<\/p>\n<p dir=\"ltr\">A cobran\u00e7a deste recurso varia de estado para estado, e \u00e9 feita por meio do ICMS nas opera\u00e7\u00f5es internas ou opera\u00e7\u00f5es interestaduais com Al\u00edquota de Substitui\u00e7\u00e3o Tribut\u00e1ria.&nbsp;<\/p>\n<p><strong>Curiosidade<\/strong><\/p>\n<p><strong>As al\u00edquotas podem variar entre 1% a 4%, conforme o produto ou servi\u00e7o.<\/strong><\/p>\n<p>De modo geral, todos os produtos s\u00e3o pass\u00edveis da adi\u00e7\u00e3o de no m\u00ednimo 1% de FCP, com exce\u00e7\u00e3o daquelas mercadorias que s\u00e3o consideradas como \u201cessenciais\u201d, bem como os itens que integram a cesta b\u00e1sica, materiais escolares, medicamentos entre outros produtos.<\/p>\n<p dir=\"ltr\">Mas e aqueles produtos classificados como \u201csup\u00e9rfluos\u201d, como fica?&nbsp;<\/p>\n<p dir=\"ltr\">Bom, neste caso, o percentual da FCP ser\u00e1 de 2%, <strong>dependendo da legisla\u00e7\u00e3o<\/strong>. Como exemplo, podemos citar alguns, veja:<\/p>\n<ul>\n<li dir=\"ltr\">Bebidas alco\u00f3licas, inclusive cerveja e chope<\/li>\n<li dir=\"ltr\">Cigarros e Cigarrilhas<\/li>\n<li dir=\"ltr\">Artefatos de joalheria e ourivesaria e suas partes<\/li>\n<li dir=\"ltr\">Perfumes, \u00e1guas-de-col\u00f4nia, produtos de perfumaria ou de toucador e prepara\u00e7\u00f5es<\/li>\n<li dir=\"ltr\">Cosm\u00e9ticas, produtos de beleza ou de maquiagem<\/li>\n<li dir=\"ltr\">Ve\u00edculos importados<\/li>\n<li dir=\"ltr\">Aeronaves, iates e barcos<\/li>\n<li dir=\"ltr\">Combust\u00edveis<\/li>\n<\/ul>\n<p><strong>Curiosidade<\/strong><\/p>\n<p>O mais novo Estado a regulamentar o Fundo de Promo\u00e7\u00e3o Social e Erradica\u00e7\u00e3o da Pobreza foi o Estado do Amazonas, atrav\u00e9s da Lei n\u00ba 4.454\/2017, instituindo o adicional de 2% nas al\u00edquotas do ICMS a partir de 1\u00ba de julho de 2017 para diversos produtos.<\/p>\n<p dir=\"ltr\"><strong>E voc\u00ea pode estar se perguntando: Mas onde que isso entra na nota fiscal e qual a import\u00e2ncia do correto preenchimento?<\/strong><\/p>\n<p dir=\"ltr\">A verdade \u00e9 que as empresas precisam demonstrar o c\u00e1lculo do adicional do FCP incidente no documento fiscal, e em caso de preenchimento incorreto, a Nota Fiscal Eletr\u00f4nica ser\u00e1 rejeitada pelo fisco, impedindo a sua emiss\u00e3o.<\/p>\n<p dir=\"ltr\">Da\u00ed a import\u00e2ncia das empresas em manter as al\u00edquotas do FCP devidamente atualizadas nos cadastros tribut\u00e1rios de modo, at\u00e9 mesmo, a facilitar as opera\u00e7\u00f5es..<\/p>\n<h2 dir=\"ltr\" id=\"indice-1\" data-indice=\"1\" data-viewport=\"indice\">O que mudou com a chegada da NF-e 4.0?<\/h2>\n<p dir=\"ltr\">A grande mudan\u00e7a foi que at\u00e9 a vers\u00e3o da NF-e 3.10, n\u00e3o existia separa\u00e7\u00e3o entre a al\u00edquota do ICMS e a FCP, entretanto, a partir da NF-e 4.0 as informa\u00e7\u00f5es referentes ao valor da base de c\u00e1lculo e valor em reais passaram a ser preenchidas em campos distintos.<\/p>\n<p dir=\"ltr\">Como exemplos, podemos citar os seguintes campos:<\/p>\n<ul>\n<li dir=\"ltr\"><strong>vBCFCP<\/strong> \u2013 Base de c\u00e1lculo do FCP<\/li>\n<li dir=\"ltr\"><strong>pFCP<\/strong> \u2013 Percentual do ICMS relativo \u00e0 FCP<\/li>\n<li dir=\"ltr\"><strong>vFCP &nbsp;<\/strong>\u2013 Valor do ICMS relativo ao FCP<\/li>\n<li dir=\"ltr\"><strong>vBCFCPST<\/strong> &nbsp;\u2013 Base de c\u00e1lculo do FCP-ST<\/li>\n<li dir=\"ltr\"><strong>pFCPST <\/strong>&nbsp;\u2013 Percentual do FCP retido por substitui\u00e7\u00e3o tribut\u00e1ria<\/li>\n<li dir=\"ltr\"><strong>vFCPST <\/strong>&nbsp;\u2013 Valor do FCP retido por substitui\u00e7\u00e3o tribut\u00e1ria<\/li>\n<li dir=\"ltr\"><strong>vBCFCPSTRet &nbsp;<\/strong>\u2013 Base de C\u00e1lculo do FCP retido anteriormente<\/li>\n<li dir=\"ltr\"><strong>pFCPSTRet <\/strong>&nbsp;\u2013 Percentual do FCP retido anteriormente por Substitui\u00e7\u00e3o Tribut\u00e1ria<\/li>\n<li dir=\"ltr\"><strong>vFCPSTRet<\/strong> &nbsp;\u2013 Valor do FCP retido anteriormente por Substitui\u00e7\u00e3o Tribut\u00e1ria<\/li>\n<\/ul>\n<h2 dir=\"ltr\" id=\"indice-2\" data-indice=\"2\" data-viewport=\"indice\">Quais s\u00e3o as al\u00edquotas do FCP que s\u00e3o utilizadas e quem as determina?<\/h2>\n<p dir=\"ltr\">Como falamos anteriormente, as al\u00edquotas do FCP s\u00e3o definidas de acordo com a legisla\u00e7\u00e3o de cada estado, isso pois cada regi\u00e3o possui uma tributa\u00e7\u00e3o de ICMS.&nbsp;<\/p>\n<p dir=\"ltr\">Vale destacar que alguns estados ainda n\u00e3o possuem legisla\u00e7\u00e3o acerca do fundo estadual de combate \u00e0 pobreza. Dos 27 estados (incluso o DF), apenas <strong>5 ainda n\u00e3o fazem parte da lista<\/strong> at\u00e9 o momento da publica\u00e7\u00e3o deste post, quais sejam:<\/p>\n<ul>\n<li dir=\"ltr\">Amap\u00e1<\/li>\n<li dir=\"ltr\">Cear\u00e1<\/li>\n<li dir=\"ltr\">Par\u00e1<\/li>\n<li dir=\"ltr\">Roraima<\/li>\n<li dir=\"ltr\">Santa Catarina<\/li>\n<\/ul>\n<p><span style=\"\"><img decoding=\"async\" alt=\"11-dicas-essenciais-para-quem-quer-emitir-nota-fiscal-sem-complica\u00e7\u00e3o\" data-id=\"15500\" width=\"182\" data-init-width=\"1080\" height=\"163\" data-init-height=\"970\" title=\"11-dicas-essenciais-para-quem-quer-emitir-nota-fiscal-sem-complica\u00e7\u00e3o\" loading=\"lazy\" src=\"https:\/\/enotas.com.br\/blog\/wp-content\/uploads\/2021\/02\/eNotas_Blog_Ilustracoes-para-Banners-16.png\" data-width=\"182\" data-height=\"163\" style=\"aspect-ratio: auto 1080 \/ 970;\" ml-d=\"-3\" mt-d=\"0\"><\/span><\/p>\n<blockquote style=\"text-align: center;\"><p><strong><strong>11 Dicas essenciais para quem quer emitir nota fiscal sem complica\u00e7\u00e3o<\/strong><\/strong><\/p><\/blockquote>\n<p>Se voc\u00ea tem uma empresa, independentemente do porte, ent\u00e3o voc\u00ea sabe que a emiss\u00e3o de notas fiscais \u00e9 algo fundamental.&nbsp;<\/p>\n<p>Neste eBook, separamos<b data-stringify-type=\"bold\">&nbsp;dicas essenciais para transformar essa a\u00e7\u00e3o de emitir notas fiscais em algo mais leve e eficiente.<\/b><\/p>\n<h2 dir=\"ltr\" id=\"indice-3\" data-indice=\"3\" data-viewport=\"indice\">Quem est\u00e1 obrigado a preencher o campo do FCP?&nbsp;<\/h2>\n<p dir=\"ltr\">Mais uma vez, a obrigatoriedade do preenchimento vai depender da legisla\u00e7\u00e3o estadual e do produto que est\u00e1 sendo faturado.&nbsp;<\/p>\n<p dir=\"ltr\">Para descobrir se sua empresa est\u00e1 obrigada ao preenchimento, confira&nbsp; a legisla\u00e7\u00e3o do seu estado em espec\u00edfico. Montamos uma lista para facilitar a busca e a pesquisa, acompanhe:<\/p>\n<ul>\n<li dir=\"ltr\">Alagoas;<\/li>\n<li dir=\"ltr\">Amazonas;<\/li>\n<li dir=\"ltr\">Bahia;<\/li>\n<li dir=\"ltr\">Distrito Federal;<\/li>\n<li dir=\"ltr\">Esp\u00edrito Santo;<\/li>\n<li dir=\"ltr\">Goi\u00e1s;<\/li>\n<li dir=\"ltr\">Maranh\u00e3o;<\/li>\n<li dir=\"ltr\">Mato Grosso;<\/li>\n<li dir=\"ltr\">Mato Grosso do Sul;<\/li>\n<li dir=\"ltr\">Minas Gerais;<\/li>\n<li dir=\"ltr\">Para\u00edba;<\/li>\n<li dir=\"ltr\">Paran\u00e1;<\/li>\n<li dir=\"ltr\">Pernambuco;<\/li>\n<li dir=\"ltr\">Piau\u00ed;<\/li>\n<li dir=\"ltr\">Rio de Janeiro;<\/li>\n<li dir=\"ltr\">Rio Grande do Norte;<\/li>\n<li dir=\"ltr\">Rio Grande do Sul;<\/li>\n<li dir=\"ltr\">Rond\u00f4nia;<\/li>\n<li dir=\"ltr\">S\u00e3o Paulo;<\/li>\n<li dir=\"ltr\">Sergipe;<\/li>\n<li dir=\"ltr\">Tocantins.<\/li>\n<\/ul>\n<h2 dir=\"ltr\" id=\"indice-4\" data-indice=\"4\" data-viewport=\"indice\">O que acontece se n\u00e3o for destacado ou caso o preenchimento estiver incorreto?<\/h2>\n<p dir=\"ltr\">Havendo a obrigatoriedade do preenchimento correto dos campos e, caso isso n\u00e3o ocorra, como resultado poder\u00e1 ocorrer falhas na transmiss\u00e3o do documento fiscal.<\/p>\n<p dir=\"ltr\">Abaixo destacamos como exemplo algumas rejei\u00e7\u00f5es que podem ser retornadas pela Sefaz nessas situa\u00e7\u00f5es:&nbsp;<\/p>\n<table>\n<tbody>\n<tr>\n<td>\n<p dir=\"ltr\"><strong>C\u00f3d. Retorno<\/strong><\/p>\n<\/td>\n<td>\n<p dir=\"ltr\">&nbsp; &nbsp; &nbsp; <strong>Mensagem<\/strong><\/p>\n<\/td>\n<\/tr>\n<tr>\n<td>\n<p dir=\"ltr\"><strong>859<\/strong>&nbsp;<\/p>\n<\/td>\n<td>\n<p dir=\"ltr\">&nbsp; Rejei\u00e7\u00e3o: Total do FCP retido anteriormente por Substitui\u00e7\u00e3o Tribut\u00e1ria difere do &nbsp; &nbsp; &nbsp; &nbsp; somat\u00f3rio dos itens<\/p>\n<\/td>\n<\/tr>\n<tr>\n<td>\n<p dir=\"ltr\"><strong>860<\/strong><\/p>\n<\/td>\n<td>\n<p dir=\"ltr\">&nbsp; Rejei\u00e7\u00e3o: Valor do FCP informado difere de base de c\u00e1lculo*al\u00edquota [nItem: nnn]<\/p>\n<\/td>\n<\/tr>\n<tr>\n<td>\n<p dir=\"ltr\"><strong>861<\/strong><\/p>\n<\/td>\n<td>\n<p dir=\"ltr\">&nbsp; Rejei\u00e7\u00e3o: Total do FCP difere do somat\u00f3rio dos itens<\/p>\n<\/td>\n<\/tr>\n<tr>\n<td>\n<p dir=\"ltr\"><strong>862<\/strong><\/p>\n<\/td>\n<td>\n<p dir=\"ltr\">&nbsp; Rejei\u00e7\u00e3o: Total do FCP ST difere do somat\u00f3rio dos itens<\/p>\n<\/td>\n<\/tr>\n<tr>\n<td>\n<p dir=\"ltr\"><strong>874<\/strong><\/p>\n<\/td>\n<td>\n<p dir=\"ltr\">&nbsp; Rejei\u00e7\u00e3o: Percentual de FCP inv\u00e1lido [nItem: nnn]<\/p>\n<\/td>\n<\/tr>\n<tr>\n<td>\n<p dir=\"ltr\"><strong>875<\/strong><\/p>\n<\/td>\n<td>\n<p dir=\"ltr\">&nbsp; Rejei\u00e7\u00e3o: Percentual de FCPST inv\u00e1lido [nItem: nnn]<\/p>\n<\/td>\n<\/tr>\n<tr>\n<td>\n<p dir=\"ltr\"><strong>876<\/strong><\/p>\n<\/td>\n<td>\n<p dir=\"ltr\">&nbsp; Rejei\u00e7\u00e3o: Opera\u00e7\u00e3o interestadual para Consumidor Final e valor do FCP informado &nbsp; &nbsp; em campo diferente de vFCPUFDest (id:NA13) [nItem:nnn]<\/p>\n<\/td>\n<\/tr>\n<tr>\n<td>\n<p dir=\"ltr\"><strong>880<\/strong><\/p>\n<\/td>\n<td>\n<p dir=\"ltr\">&nbsp; Rejei\u00e7\u00e3o: Percentual de FCP igual a zero [nItem: nnn]<\/p>\n<\/td>\n<\/tr>\n<tr>\n<td>\n<p dir=\"ltr\"><strong>881<\/strong><\/p>\n<\/td>\n<td>\n<p dir=\"ltr\">&nbsp; Rejei\u00e7\u00e3o: Percentual de FCPST igual a zero [nItem:nnn]<\/p>\n<\/td>\n<\/tr>\n<\/tbody>\n<\/table>\n<h2 dir=\"ltr\" id=\"indice-5\" data-indice=\"5\" data-viewport=\"indice\">Como preencher o FCP no DANFE:<\/h2>\n<p dir=\"ltr\">O layout do DANFE <strong>n\u00e3o sofreu altera\u00e7\u00f5es na vers\u00e3o 4.0.<\/strong><\/p>\n<p dir=\"ltr\">Entretanto, as informa\u00e7\u00f5es relativas ao Fundo de Combate \u00e0 Pobreza (campos vBCFCP, pFCP, vFCP, vBCFCPST, pFCPST, vFCPST) devem ser preenchidas nas <strong>Informa\u00e7\u00f5es Adicionais do Produto<\/strong> para serem impressas no DANFE.<\/p>\n<p dir=\"ltr\">Os &nbsp;valores totais do Fundo de Combate \u00e0 Pobreza, quando existentes, devem ser informados em <strong>Informa\u00e7\u00f5es Adicionais de Interesse do Fisco <\/strong>(campo infAdFisco).<\/p>\n<h2 dir=\"ltr\" id=\"indice-6\" data-indice=\"6\" data-viewport=\"indice\">Conclus\u00e3o<\/h2>\n<p dir=\"ltr\">Neste post voc\u00ea ficou por dentro dos principais detalhes envolvendo o Fundo de Combate \u00e0 Pobreza e como esse campo impacta a emiss\u00e3o de notas fiscais em certos estados.<\/p>\n<p dir=\"ltr\">Mas vem c\u00e1, voc\u00ea sabe o que acontece se voc\u00ea ficar <a href=\"https:\/\/enotas.com.br\/blog\/nao-emitir-nota-fiscal\/\" target=\"_blank\" style=\"outline: none;\" rel=\"noopener\">sem emitir notas fiscais<\/a>? N\u00e3o? Ent\u00e3o n\u00e3o deixe de conferir o nosso texto para descobrir. Aproveite! &nbsp;<\/p>\n","protected":false},"excerpt":{"rendered":"<p>Acompanhe o nosso post e descubra como funciona o fundo de combate \u00e0 pobreza e o que esse campo tem a ver com a emiss\u00e3o de nota fiscal. O campo de Fundo de Combate \u00e0 Pobreza (FCP) \u00e9 um mecanismo de arrecada\u00e7\u00e3o inclu\u00eddo em tributos. Ele tem algumas fun\u00e7\u00f5es, como: Financiamento de programas sociais; Atua\u00e7\u00e3o [&#8230;]<\/p>\n","protected":false},"author":15,"featured_media":15895,"comment_status":"open","ping_status":"closed","sticky":false,"template":"","format":"standard","meta":{"footnotes":""},"categories":[7,204],"tags":[],"class_list":["post-15893","post","type-post","status-publish","format-standard","has-post-thumbnail","hentry","category-legalizacao","category-notas-fiscais"],"_links":{"self":[{"href":"https:\/\/enotas.com.br\/blog\/wp-json\/wp\/v2\/posts\/15893","targetHints":{"allow":["GET"]}}],"collection":[{"href":"https:\/\/enotas.com.br\/blog\/wp-json\/wp\/v2\/posts"}],"about":[{"href":"https:\/\/enotas.com.br\/blog\/wp-json\/wp\/v2\/types\/post"}],"author":[{"embeddable":true,"href":"https:\/\/enotas.com.br\/blog\/wp-json\/wp\/v2\/users\/15"}],"replies":[{"embeddable":true,"href":"https:\/\/enotas.com.br\/blog\/wp-json\/wp\/v2\/comments?post=15893"}],"version-history":[{"count":10,"href":"https:\/\/enotas.com.br\/blog\/wp-json\/wp\/v2\/posts\/15893\/revisions"}],"predecessor-version":[{"id":32995,"href":"https:\/\/enotas.com.br\/blog\/wp-json\/wp\/v2\/posts\/15893\/revisions\/32995"}],"wp:featuredmedia":[{"embeddable":true,"href":"https:\/\/enotas.com.br\/blog\/wp-json\/wp\/v2\/media\/15895"}],"wp:attachment":[{"href":"https:\/\/enotas.com.br\/blog\/wp-json\/wp\/v2\/media?parent=15893"}],"wp:term":[{"taxonomy":"category","embeddable":true,"href":"https:\/\/enotas.com.br\/blog\/wp-json\/wp\/v2\/categories?post=15893"},{"taxonomy":"post_tag","embeddable":true,"href":"https:\/\/enotas.com.br\/blog\/wp-json\/wp\/v2\/tags?post=15893"}],"curies":[{"name":"wp","href":"https:\/\/api.w.org\/{rel}","templated":true}]}}