{"id":15948,"date":"2021-02-22T14:13:19","date_gmt":"2021-02-22T17:13:19","guid":{"rendered":"https:\/\/enotas.com.br\/blog\/?p=15948"},"modified":"2023-10-25T12:26:16","modified_gmt":"2023-10-25T15:26:16","slug":"educacao-corporativa","status":"publish","type":"post","link":"https:\/\/enotas.com.br\/blog\/educacao-corporativa\/","title":{"rendered":"Entenda a import\u00e2ncia da educa\u00e7\u00e3o corporativa"},"content":{"rendered":"<p dir=\"ltr\"><strong>Acompanhe o nosso post e descubra o que \u00e9 a educa\u00e7\u00e3o corporativa e qual a import\u00e2ncia desse conjunto de a\u00e7\u00f5es para a sua empresa!<\/strong><\/p>\n<p dir=\"ltr\">Para fazer com que uma organiza\u00e7\u00e3o consiga ser competitiva no mercado, nada melhor do que investir nos principais vetores para isso: seus colaboradores, seu <a href=\"https:\/\/enotas.com.br\/blog\/capital-humano\/\" style=\"outline: none;\" target=\"_blank\" rel=\"noopener\">capital humano<\/a>.<\/p>\n<p dir=\"ltr\">Engajamento, <a href=\"https:\/\/enotas.com.br\/blog\/aumentar-a-sua-produtividade\/\" style=\"outline: none;\" target=\"_blank\" rel=\"noopener\">produtividade<\/a>, dinamismo e atualiza\u00e7\u00e3o s\u00e3o os meios para isso, desenvolvidos pela educa\u00e7\u00e3o corporativa.<\/p>\n<p dir=\"ltr\">Essa \u00e9 uma pr\u00e1tica que visa capacitar todos dentro de uma empresa de maneira estrat\u00e9gica. Mapear potencialidades de uma equipe e fazer que elas, alinhadas, sejam a v\u00e1lvula de crescimento de uma organiza\u00e7\u00e3o.&nbsp;<\/p>\n<p dir=\"ltr\">Quer entender mais e melhor? Continue a leitura!&nbsp;<\/p>\n<blockquote style=\"\"><p><strong>Veja tamb\u00e9m:<\/strong><\/p><\/blockquote>\n<blockquote><p><a href=\"\" style=\"outline: none;\" target=\"_blank\" rel=\"noopener\"><\/a><a href=\"https:\/\/enotas.com.br\/blog\/ebook\/nota-fiscal-eletronica\/\" target=\"_blank\" style=\"outline: none;\" rel=\"noopener\">18 principais perguntas sobre nota fiscal eletr\u00f4nica<\/a><\/p><\/blockquote>\n<blockquote><p><a href=\"\" target=\"_blank\" style=\"outline: none;\" rel=\"noopener\"><\/a><a href=\"https:\/\/enotas.com.br\/blog\/ebook\/7-pontos-cruciais-nfse-brasil\/\" target=\"_blank\" style=\"outline: none;\" rel=\"noopener\">7 pontos cruciais para emitir Nota Fiscal de Servi\u00e7o eletr\u00f4nica em n\u00edvel nacional<\/a><\/p><\/blockquote>\n<blockquote><p><a href=\"https:\/\/enotas.com.br\/blog\/ebook\/meio-de-pagamento\/\" style=\"outline: none;\" target=\"_blank\" rel=\"noopener\">12 dicas simples para escolher um meio de pagamento<\/a><\/p><\/blockquote>\n<h2 dir=\"ltr\" id=\"indice-0\" data-indice=\"0\" data-viewport=\"indice\">O que \u00e9 educa\u00e7\u00e3o corporativa?<\/h2>\n<p dir=\"ltr\">A <strong>Educa\u00e7\u00e3o Corporativa<\/strong> \u00e9 um conjunto de a\u00e7\u00f5es que estimulam a capacita\u00e7\u00e3o e o desenvolvimento dos colaboradores de uma empresa.&nbsp;<\/p>\n<p dir=\"ltr\">Assim, ocorre o reconhecimento de um determinado potencial em um colaborador e lhe \u00e9 dado a chance de crescer dentro de seu ambiente.&nbsp;<\/p>\n<p dir=\"ltr\">Essas pr\u00e1ticas s\u00e3o treinamentos e capacita\u00e7\u00f5es, mas n\u00e3o s\u00f3 isso.&nbsp;<\/p>\n<p dir=\"ltr\">Como voc\u00ea leu, \u00e9 um conjunto de a\u00e7\u00f5es, que passam por campanhas de marketing, eventos corporativos, programas de mentoria, palestras, incentivo de <a href=\"https:\/\/enotas.com.br\/blog\/feedback\/\" style=\"outline: none;\" target=\"_blank\" rel=\"noopener\">feedback<\/a>\u2026<\/p>\n<p dir=\"ltr\">Todas essas pr\u00e1ticas da educa\u00e7\u00e3o corporativa visam trabalhar a gest\u00e3o do conhecimento de uma forma a valorizar o trabalhador e criar potencialidades internamente.&nbsp;&nbsp;<\/p>\n<h3 dir=\"ltr\">Qual o objetivo?<\/h3>\n<p dir=\"ltr\">Com a premissa desse \u00faltimo par\u00e1grafo, a educa\u00e7\u00e3o corporativa tem por objetivo a manuten\u00e7\u00e3o dos processos de aprendizagem na empresa para que constantemente seus colaboradores possam se desenvolver e guiar o caminho do crescimento da organiza\u00e7\u00e3o.&nbsp;&nbsp;<\/p>\n<p dir=\"ltr\">Por isso, ela desenvolve compet\u00eancias, mas tamb\u00e9m estimula comportamentos.&nbsp;<\/p>\n<p dir=\"ltr\">Al\u00e9m disso, ela busca envolver os trabalhadores entre si para que todos estejam alinhados com a cultura empresarial da organiza\u00e7\u00e3o.<\/p>\n<p><strong>Curiosidade<\/strong><\/p>\n<p>A educa\u00e7\u00e3o corporativa tamb\u00e9m \u00e9 uma forma de melhorar a produtividade, estimular a capacidade de lideran\u00e7a entre os colaboradores e, claro, fazer com que todos conhe\u00e7am a empresa em todas as suas nuances.<strong>&nbsp;<\/strong><\/p>\n<h2 dir=\"ltr\" id=\"indice-1\" data-indice=\"1\" data-viewport=\"indice\">Por que \u00e9 importante implementar a educa\u00e7\u00e3o corporativa?<\/h2>\n<p><span><img decoding=\"async\" alt=\"educa\u00e7\u00e3o-corporativa\" data-id=\"15953\" width=\"493\" data-init-width=\"1060\" height=\"370\" data-init-height=\"795\" title=\"educa\u00e7\u00e3o-corporativa\" loading=\"lazy\" src=\"https:\/\/enotas.com.br\/blog\/wp-content\/uploads\/2021\/02\/educa\u00e7\u00e3o-corporativa-1.jpg\" data-width=\"493\" data-height=\"370\" style=\"aspect-ratio: auto 1060 \/ 795;\"><\/span><\/p>\n<p dir=\"ltr\">A educa\u00e7\u00e3o corporativa faz com que a empresa possa ter um crescimento saud\u00e1vel frente ao mercado, al\u00e9m de fazer com que o neg\u00f3cio ganhe destaque diante a concorr\u00eancia.&nbsp;<\/p>\n<p dir=\"ltr\">Com essas pr\u00e1ticas que englobam a educa\u00e7\u00e3o corporativa, a empresa tem uma equipe mais engajada com seus valores, sua cultura e alinhada a suas expectativas de crescimento.&nbsp;<\/p>\n<p dir=\"ltr\">Al\u00e9m disso, a capacidade de inova\u00e7\u00e3o da empresa ganha um salto, podendo construir solu\u00e7\u00f5es mais \u00e1geis e que levam menos tempo para serem desenvolvidas. Aprimorando, inclusive, o produto final para seus clientes.<\/p>\n<h2 dir=\"ltr\" id=\"indice-2\" data-indice=\"2\" data-viewport=\"indice\">Quais as vantagens da educa\u00e7\u00e3o corporativa?<\/h2>\n<p dir=\"ltr\">Com toda a import\u00e2ncia em desenvolver e capacitar os seus colaboradores, ainda tem as <strong>vantagens<\/strong> dessas pr\u00e1ticas na empresa.&nbsp;<\/p>\n<p dir=\"ltr\">Veja, em detalhes, algumas delas.<\/p>\n<h3 dir=\"ltr\">Vantagem competitiva<\/h3>\n<p dir=\"ltr\">Essa talvez seja o grande benef\u00edcio da educa\u00e7\u00e3o corporativa. Ela \u00e9 um resultado de outras vantagens que voc\u00ea ler\u00e1 daqui a pouco.&nbsp;<\/p>\n<p dir=\"ltr\">Gra\u00e7as ao melhor conhecimento dos seus funcion\u00e1rios sobre a organiza\u00e7\u00e3o, eles conseguem entregar resultados mais alinhados com a estrat\u00e9gia empregada. Sem falar que a empresa estar\u00e1 atualizada com o momento do mercado, o entendendo melhor.&nbsp;<\/p>\n<h3 dir=\"ltr\">Funcion\u00e1rios motivados<\/h3>\n<p dir=\"ltr\">A educa\u00e7\u00e3o corporativa \u00e9 um diferencial para o colaborador. Com as a\u00e7\u00f5es ele pode se aperfei\u00e7oar, aprender e encar\u00e1-las como uma conquista profissional.&nbsp;<\/p>\n<p dir=\"ltr\">Tudo isso, faz com que ele se motive e se sinta incentivado a participar mais e melhor nos projetos da empresa.&nbsp;<\/p>\n<h3 dir=\"ltr\">Produtividade em alta<\/h3>\n<p dir=\"ltr\">Mais do que entregar, o funcion\u00e1rio passa a entender o que faz dentro da organiza\u00e7\u00e3o. Isso faz com que ele tenha um desenvolvimento mais propositivo e otimize seu processo de trabalho.<\/p>\n<p dir=\"ltr\">Sem falar que ele estar\u00e1 mais preparado para exercer suas fun\u00e7\u00f5es e n\u00e3o desperdi\u00e7ar\u00e1 tempo com retrabalho, por exemplo.&nbsp;<\/p>\n<h3 dir=\"ltr\">L\u00edderes mais preparados<\/h3>\n<p dir=\"ltr\">Voc\u00ea sabe que l\u00edder n\u00e3o \u00e9 s\u00f3 aquele que passa ordens. Ele \u00e9 capaz de inspirar, motivar e manter os n\u00edveis de qualidade nos projetos que s\u00e3o executados na empresa.<\/p>\n<p dir=\"ltr\">Essa capacidade \u00e9 desenvolvida com treinamentos, aplica\u00e7\u00f5es de cursos e um ambiente que propicie uma pessoa a se transformar nesse \u201cpersonagem\u201d dentro da empresa.&nbsp;<\/p>\n<h3 dir=\"ltr\">Confian\u00e7a<\/h3>\n<p dir=\"ltr\">Essa vantagem surge quando o empregado enxerga que a organiza\u00e7\u00e3o investe nele para se desenvolver profissionalmente por meio da educa\u00e7\u00e3o corporativa.<\/p>\n<p dir=\"ltr\">Isso passa a rela\u00e7\u00e3o empregado\/empregador a um n\u00edvel mais pr\u00f3ximo. E com mais cursos, treinamentos e a\u00e7\u00f5es que a empresa investe nele, o funcion\u00e1rio ser\u00e1 capaz de confiar mais no que faz justamente por aprimorar seu conhecimento.&nbsp;<\/p>\n<h3 dir=\"ltr\">Inova\u00e7\u00e3o mais presente nas entregas<\/h3>\n<p dir=\"ltr\">A inova\u00e7\u00e3o s\u00f3 \u00e9 poss\u00edvel se a empresa for criativa. E a criatividade n\u00e3o \u00e9 exatamente um dom no qual o empregado nasce com ela. Ela se desenvolve ao longo do tempo justamente pelo seu conhecimento de mundo.&nbsp;<\/p>\n<p dir=\"ltr\">Com o aprendizado da educa\u00e7\u00e3o corporativa ele tem um meio que o ajuda a desenvolver essa criatividade, conseguindo devolver a empresa entregas mais inovadoras.&nbsp;<\/p>\n<h3 dir=\"ltr\">Diminui\u00e7\u00e3o de turnover<\/h3>\n<p dir=\"ltr\">O <a href=\"https:\/\/enotas.com.br\/blog\/turnover\/\" style=\"outline: none;\" target=\"_blank\" rel=\"noopener\">turnover<\/a> \u00e9 a taxa de rotatividade de empregados de uma empresa. Uma s\u00e9rie de fatores ajudam esse n\u00famero ser alto, como a falta de valoriza\u00e7\u00e3o do profissional, ambiente sem clima de confian\u00e7a e sem interatividade s\u00e3o um deles.&nbsp;<\/p>\n<p dir=\"ltr\">A educa\u00e7\u00e3o corporativa \u00e9, portanto, uma forma de engajar os empregados ao desenvolvimento profissional e a se sentir valorizados na empresa.&nbsp;<\/p>\n<p dir=\"ltr\">O que, por si s\u00f3, o faz querer ficar e permanecer em uma curva de aprendizado no ambiente.&nbsp;<\/p>\n<h2 dir=\"ltr\" id=\"indice-3\" data-indice=\"3\" data-viewport=\"indice\">Como desenvolver a educa\u00e7\u00e3o corporativa?<\/h2>\n<p dir=\"ltr\">Com tudo isso deu para perceber como a educa\u00e7\u00e3o corporativa \u00e9 primordial para o crescimento da empresa, certo?&nbsp;<\/p>\n<p dir=\"ltr\">Mas, como aplic\u00e1-la na empresa?<\/p>\n<p dir=\"ltr\">Antes de mais nada, \u00e9 preciso ter um plano para aplicar essas a\u00e7\u00f5es na empresa. Escolher as ferramentas ideais para o prop\u00f3sito da organiza\u00e7\u00e3o, mas que se alinhem ao que se pode investir nesse tipo de pr\u00e1tica.&nbsp;<\/p>\n<p dir=\"ltr\">A educa\u00e7\u00e3o corporativa pode ser aplicada de diversas formas, com a\u00e7\u00f5es presenciais ou \u00e0 dist\u00e2ncia. Cada uma delas tem suas vantagens e desvantagens, mas dado os custos de aplica\u00e7\u00e3o e o momento de pandemia que o mundo passou nos \u00faltimos meses, o <a href=\"https:\/\/enotas.com.br\/blog\/plataforma-ead-capacitar-colaboradores\/\" style=\"outline: none;\" target=\"_blank\" rel=\"noopener\">EAD \u00e9 o que se mostra mais vantajoso<\/a>.&nbsp;<\/p>\n<p dir=\"ltr\">Al\u00e9m da flexibilidade e a autonomia que ela permite que o funcion\u00e1rio tenha.&nbsp;<\/p>\n<p dir=\"ltr\">Mas, nada disso adianta se a empresa n\u00e3o tiver uma ideia muito clara de suas necessidades, com os problemas a serem sanados e as potencialidades que podem ser desenvolvidas pelo corpo da organiza\u00e7\u00e3o.&nbsp;<\/p>\n<p dir=\"ltr\">A educa\u00e7\u00e3o corporativa necessita, portanto, de um conhecimento muito amplo de seus gestores sobre o mercado externo e na qual a empresa est\u00e1 inserida tanto quanto o ambiente de trabalho que ela proporciona aos seus empregados.&nbsp;<\/p>\n<p dir=\"ltr\">A partir da\u00ed, entende melhor suas necessidades e oferece \u00f3timas formas de crescimento tanto \u00e0s pessoas que trabalham nela quanto para si mesma pensando no crescimento de mercado.&nbsp;<\/p>\n<p dir=\"ltr\">Com a educa\u00e7\u00e3o corporativa, muitos problemas internos podem ser solucionados com uma produtividade e um conhecimento do empregado que torna tudo mais f\u00e1cil para focar em crescimento.&nbsp;<\/p>\n<p dir=\"ltr\">E um desses problemas pode estar voltado para a \u00e1rea fiscal, como pagamento dos tributos que toda empresa deve realizar.<\/p>\n<p dir=\"ltr\">Um assunto s\u00e9rio e que carece de um pouco mais de dedica\u00e7\u00e3o da equipe. E se quiser saber tudo <a href=\"https:\/\/enotas.com.br\/blog\/economizar-no-imposto-de-coproducao\/\" style=\"outline: none;\" target=\"_blank\" rel=\"noopener\">sobre como economizar no recolhimento de impostos<\/a>, d\u00ea uma lida nesse texto!<\/p>\n<h3>Vivencie a melhor experi\u00eancia em automa\u00e7\u00e3o fiscal da gal\u00e1xia!<\/h3>\n<p><a href=\"https:\/\/www.enotas.com.br\/\" style=\"outline: none;\" target=\"_blank\" rel=\"noopener\">Conhe\u00e7a o eNotas!<\/a><\/p>\n","protected":false},"excerpt":{"rendered":"<p>Acompanhe o nosso post e descubra o que \u00e9 a educa\u00e7\u00e3o corporativa e qual a import\u00e2ncia desse conjunto de a\u00e7\u00f5es para a sua empresa! Para fazer com que uma organiza\u00e7\u00e3o consiga ser competitiva no mercado, nada melhor do que investir nos principais vetores para isso: seus colaboradores, seu capital humano. Engajamento, produtividade, dinamismo e atualiza\u00e7\u00e3o [&#8230;]<\/p>\n","protected":false},"author":15,"featured_media":15950,"comment_status":"open","ping_status":"closed","sticky":false,"template":"","format":"standard","meta":{"footnotes":""},"categories":[36],"tags":[],"class_list":["post-15948","post","type-post","status-publish","format-standard","has-post-thumbnail","hentry","category-negocios"],"_links":{"self":[{"href":"https:\/\/enotas.com.br\/blog\/wp-json\/wp\/v2\/posts\/15948","targetHints":{"allow":["GET"]}}],"collection":[{"href":"https:\/\/enotas.com.br\/blog\/wp-json\/wp\/v2\/posts"}],"about":[{"href":"https:\/\/enotas.com.br\/blog\/wp-json\/wp\/v2\/types\/post"}],"author":[{"embeddable":true,"href":"https:\/\/enotas.com.br\/blog\/wp-json\/wp\/v2\/users\/15"}],"replies":[{"embeddable":true,"href":"https:\/\/enotas.com.br\/blog\/wp-json\/wp\/v2\/comments?post=15948"}],"version-history":[{"count":8,"href":"https:\/\/enotas.com.br\/blog\/wp-json\/wp\/v2\/posts\/15948\/revisions"}],"predecessor-version":[{"id":29614,"href":"https:\/\/enotas.com.br\/blog\/wp-json\/wp\/v2\/posts\/15948\/revisions\/29614"}],"wp:featuredmedia":[{"embeddable":true,"href":"https:\/\/enotas.com.br\/blog\/wp-json\/wp\/v2\/media\/15950"}],"wp:attachment":[{"href":"https:\/\/enotas.com.br\/blog\/wp-json\/wp\/v2\/media?parent=15948"}],"wp:term":[{"taxonomy":"category","embeddable":true,"href":"https:\/\/enotas.com.br\/blog\/wp-json\/wp\/v2\/categories?post=15948"},{"taxonomy":"post_tag","embeddable":true,"href":"https:\/\/enotas.com.br\/blog\/wp-json\/wp\/v2\/tags?post=15948"}],"curies":[{"name":"wp","href":"https:\/\/api.w.org\/{rel}","templated":true}]}}