{"id":16975,"date":"2021-03-13T18:04:50","date_gmt":"2021-03-13T21:04:50","guid":{"rendered":"https:\/\/enotas.com.br\/blog\/?p=16975"},"modified":"2021-08-03T11:50:39","modified_gmt":"2021-08-03T14:50:39","slug":"eireli","status":"publish","type":"post","link":"https:\/\/enotas.com.br\/blog\/eireli\/","title":{"rendered":"Entenda o que \u00e9 uma Eireli e quando esse formato de empresa \u00e9 indicado"},"content":{"rendered":"<p dir=\"ltr\"><strong>Acompanhe o nosso post e descubra o que \u00e9 o formato da empresa Eireli e para quem \u00e9 indicado. Aproveite tamb\u00e9m para tirar todas as suas d\u00favidas!<\/strong><\/p>\n<p dir=\"ltr\">Quem est\u00e1 no ramo do <a href=\"https:\/\/enotas.com.br\/blog\/vantagens-do-empreendedorismo-digital\/\" style=\"outline: none;\" target=\"_blank\" rel=\"noopener noreferrer\">empreendedorismo<\/a> sabe que muitos pormenores s\u00e3o determinantes para o processo <a href=\"https:\/\/enotas.com.br\/blog\/como-diminuir-burocracia\/\" style=\"outline: none;\" target=\"_blank\" rel=\"noopener noreferrer\">burocr\u00e1tico<\/a> e jur\u00eddico do neg\u00f3cio.&nbsp;<\/p>\n<p dir=\"ltr\">E nesse universo de possibilidades, est\u00e1 a defini\u00e7\u00e3o da organiza\u00e7\u00e3o quanto a sua natureza. Entre eles, o <a href=\"https:\/\/blog.bancointer.com.br\/tipos-de-empresa-brasil\" target=\"_blank\" style=\"outline: none;\" rel=\"noopener noreferrer\">MEI, Pequena e M\u00e9dia Empresa, SA e a Eireli<\/a>.&nbsp;<\/p>\n<p dir=\"ltr\">Esse \u00faltimo foi lan\u00e7ado em 2011 e \u00e9 o que voc\u00ea conhecer\u00e1 melhor agora. Afinal, do que se trata uma empresa desse tipo e quais s\u00e3o as vantagens que ela possui? Confira na leitura!<\/p>\n<blockquote style=\"\"><p><strong>Veja tab\u00e9m:<\/strong><\/p><\/blockquote>\n<blockquote><p><a href=\"https:\/\/enotas.com.br\/blog\/tomador-de-servico-e-prestador-de-servico\/\" style=\"outline: none;\" target=\"_blank\" rel=\"noopener noreferrer\">Qual a diferen\u00e7a entre Tomador de Servi\u00e7o e Prestador de Servi\u00e7o?<\/a><\/p><\/blockquote>\n<blockquote><p><a href=\"\" target=\"_blank\" style=\"outline: none;\" rel=\"noopener noreferrer\"><\/a><a href=\"https:\/\/enotas.com.br\/blog\/ebook\/7-pontos-cruciais-nfse-brasil\/\" target=\"_blank\" style=\"outline: none;\" rel=\"noopener noreferrer\">7 pontos cruciais para emitir Nota Fiscal de Servi\u00e7o eletr\u00f4nica em n\u00edvel nacional<\/a><\/p><\/blockquote>\n<blockquote><p><a href=\"https:\/\/enotas.com.br\/blog\/ebook\/nota-fiscal-sem-complicacao\/\" style=\"outline: none;\" target=\"_blank\" rel=\"noopener noreferrer\">11 Dicas essenciais para quem quer emitir nota fiscal sem complica\u00e7\u00e3o<\/a><\/p><\/blockquote>\n<h2 dir=\"ltr\" id=\"indice-0\" data-indice=\"0\" data-viewport=\"indice\">O que \u00e9 Eireli?<\/h2>\n<p dir=\"ltr\">Criada em 2011, <strong>Eireli<\/strong> \u00e9 uma sigla para <strong>Empresa Individual de Responsabilidade Limitada<\/strong>. Para entender melhor, \u00e9 preciso se lembrar das LTDA.&nbsp;<\/p>\n<p dir=\"ltr\">Uma <strong>sociedade limitada<\/strong>, que atende por essa \u00faltima sigla, necessariamente <strong>requer um s\u00f3cio, ou seja, quem abrir um neg\u00f3cio desse tipo precisa ter obrigatoriamente algu\u00e9m para dividi-la consigo<\/strong>.&nbsp;<\/p>\n<p dir=\"ltr\">Muitos acham essa ideia um tanto quanto desgastante, j\u00e1 que querem abrir seu neg\u00f3cio pr\u00f3prio e sozinho.<\/p>\n<p dir=\"ltr\">Por isso, muitas vezes, surgia a figura do \u201cs\u00f3cio fantasma\u201d, algu\u00e9m que dividia a empresa com o dono, mas n\u00e3o tinha qualquer participa\u00e7\u00e3o, apenas \u201ccolocava o nome\u201d na empresa.&nbsp;<\/p>\n<p dir=\"ltr\">Para acabar com essa pr\u00e1tica e deixar os empreendedores mais livres dessa amarra burocr\u00e1tica, foi criado em 2011, pela lei 12.441, a Eireli, uma representa\u00e7\u00e3o jur\u00eddica que apenas o titular \u00e9 o \u00fanico dono, sem s\u00f3cios.&nbsp;<\/p>\n<h2 dir=\"ltr\" id=\"indice-1\" data-indice=\"1\" data-viewport=\"indice\">Eireli \u00e9 indicado para quem?&nbsp;<\/h2>\n<p><span><img decoding=\"async\" alt=\"eireli\" data-id=\"16977\" width=\"513\" data-init-width=\"749\" height=\"273\" data-init-height=\"399\" title=\"eireli\" loading=\"lazy\" src=\"https:\/\/enotas.com.br\/blog\/wp-content\/uploads\/2021\/03\/eireli.jpg\" data-width=\"513\" data-height=\"273\" style=\"\"><\/span><\/p>\n<p dir=\"ltr\">Ainda que seja o caminho de muita gente que quer ter uma empresa pr\u00f3pria, sem s\u00f3cios, a Eireli exige algumas especifica\u00e7\u00f5es para a sua abertura.&nbsp;<\/p>\n<p dir=\"ltr\">A primeira delas \u00e9 o <a href=\"https:\/\/enotas.com.br\/blog\/capital-social\/\" style=\"outline: none;\" target=\"_blank\" rel=\"noopener noreferrer\">capital social<\/a>. Para abrir uma empresa dessa natureza jur\u00eddica, o titular deve, pelo menos, ter 100 sal\u00e1rios m\u00ednimos em rela\u00e7\u00e3o ao ano vigente.<\/p>\n<p dir=\"ltr\">Ou seja, o capital social precisa ser de R$ 104.500. Essa \u00e9 uma exig\u00eancia que garante, em caso de fal\u00eancia da empresa, aos empregados e aos fornecedores os valores que lhe s\u00e3o de direito no processo.<\/p>\n<p dir=\"ltr\">H\u00e1 tamb\u00e9m uma impossibilidade de se ter a Eireli em caso de o titular j\u00e1 ser <a href=\"https:\/\/enotas.com.br\/blog\/quanto-e-possivel-faturar-como-mei\/\" style=\"outline: none;\" target=\"_blank\" rel=\"noopener noreferrer\">MEI<\/a> \u2013 <strong>Microempreendedor Individual<\/strong>.&nbsp;<\/p>\n<p dir=\"ltr\">Na verdade, esse impedimento vem da pr\u00f3pria lei complementar que define um MEI.<\/p>\n<p dir=\"ltr\">\u00c9 proibido para um microempreendedor individual ser s\u00f3cio, titular ou administrador de outro empreendimento, sob a pena de ser desqualificado dessa modalidade.&nbsp;<\/p>\n<p><strong>Curiosidade<\/strong><\/p>\n<p><strong>Uma d\u00favidas recorrente que quem \u00e9 MEI possui \u00e9 como funciona a emiss\u00e3o da nota fiscal. Ela \u00e9 obrigat\u00f3ria?&nbsp;<\/strong><\/p>\n<p><strong>Entenda todo esse cen\u00e1rio neste post:<\/strong><\/p>\n<p><a href=\"https:\/\/enotas.com.br\/blog\/mei-emitir-nota-fiscal\/\" target=\"_blank\" style=\"outline: none;\" rel=\"noopener noreferrer\">MEI: como emitir nota fiscal?<\/a><\/p>\n<p dir=\"ltr\">J\u00e1 pessoas que se enquadram na modalidade de EI \u2013 Empres\u00e1rio Individual \u2013 optam por mudar para a Eireli quando se h\u00e1 uma estrutura melhor e contar com um capital social maior, j\u00e1 que nessa natureza, o valor exigido \u00e9 menor.&nbsp;<\/p>\n<p dir=\"ltr\">No entanto, o optante pela Eireli n\u00e3o \u00e9 impedido de participar de outras sociedades limitadas, como a LTDA ou mesmo uma EI, mas nunca pode ter um neg\u00f3cio de natureza Eireli novamente \u2013 ou seja, duas empresas individuais de responsabilidade limitada.&nbsp;<\/p>\n<h2 dir=\"ltr\" id=\"indice-2\" data-indice=\"2\" data-viewport=\"indice\">Quais as vantagens de ser uma Eireli?<\/h2>\n<p dir=\"ltr\">Essa natureza jur\u00eddica \u00e9 muito procurada por pessoas que querem ter um neg\u00f3cio s\u00f3lido, com capital social suficiente, mas que n\u00e3o desejam dividir com outro s\u00f3cio.&nbsp;<\/p>\n<p dir=\"ltr\">N\u00e3o ter outro titular \u00e9 uma das vantagens de uma Eireli. Mas n\u00e3o a \u00fanica.&nbsp;<\/p>\n<h3 dir=\"ltr\">Redu\u00e7\u00e3o de informalidade<\/h3>\n<p dir=\"ltr\">Ter uma Eireli \u00e9 a forma de regularizar aquele empres\u00e1rio informal com capital social.&nbsp;<\/p>\n<p dir=\"ltr\">Essa natureza \u00e9 a op\u00e7\u00e3o mais vi\u00e1vel para os que n\u00e3o conseguem se enquadrar em um MEI, por exemplo, por causa de sua renda, e que queiram ter uma estrutura jur\u00eddica mais aperfei\u00e7oada do que a do EI.&nbsp;<\/p>\n<h3 dir=\"ltr\">Escolha de tributa\u00e7\u00e3o<\/h3>\n<p dir=\"ltr\">O empres\u00e1rio de Eireli consegue optar pela melhor tributa\u00e7\u00e3o de acordo com o porte e o ramo do neg\u00f3cio.&nbsp;<\/p>\n<p dir=\"ltr\">Uma dessas op\u00e7\u00f5es \u00e9 o <a href=\"https:\/\/enotas.com.br\/blog\/pagamento-impostos-simples-nacional\/\" style=\"outline: none;\" target=\"_blank\" rel=\"noopener noreferrer\">Simples Nacional<\/a>, que consegue unificar as arrecada\u00e7\u00f5es e facilita o pagamento dos impostos, bem como o DAS para os Microempreendedores Individuais.<\/p>\n<h3 dir=\"ltr\">Responsabilidade limitada<\/h3>\n<p dir=\"ltr\">A Eireli, bem como seu nome denuncia, \u00e9 uma responsabilidade limitada.<\/p>\n<p dir=\"ltr\">E o que isso significa?<\/p>\n<p dir=\"ltr\">Quer dizer que o patrim\u00f4nio pessoal e o de pessoa jur\u00eddica s\u00e3o separados. Isso \u00e9 importante porque quando a empresa contrai uma d\u00edvida, o compromisso \u00e9 de responsabilidade do neg\u00f3cio, n\u00e3o de seu titular.&nbsp;<\/p>\n<p dir=\"ltr\">Ou seja, o patrim\u00f4nio social a ser usado para quitar \u00e9 o da empresa, n\u00e3o do seu dono.&nbsp;<\/p>\n<h3 dir=\"ltr\">Acaba com o \u201cs\u00f3cio fantasma\u201d<\/h3>\n<p dir=\"ltr\">Um dos grandes motivos de se existir a Eireli \u00e9 extinguir o s\u00f3cio fantasma.&nbsp;<\/p>\n<p dir=\"ltr\">Esse termo, tamb\u00e9m chamado de s\u00f3cio laranja, define aquela pessoa que \u00e9 titular de uma empresa limitada, mas que n\u00e3o exerce efetivamente nenhum cago nela, existindo apenas por ser uma obrigatoriedade nessa natureza jur\u00eddica.&nbsp;<\/p>\n<p dir=\"ltr\">Contudo, a Eireli n\u00e3o pede uma sociedade entre pelo menos duas pessoas e apenas o titular a assume.<\/p>\n<h3 dir=\"ltr\">Ramos de atua\u00e7\u00e3o abrangente<\/h3>\n<p dir=\"ltr\">A Eireli pode atuar em qualquer segmento comercial, industrial ou rural, bem como o de servi\u00e7os.&nbsp;<\/p>\n<p dir=\"ltr\">Isso significa dizer que todo tipo de empres\u00e1rio pode atuar nessa natureza, independentemente do seu ramo de atua\u00e7\u00e3o.<\/p>\n<h3 dir=\"ltr\">Acesso ao PAT<\/h3>\n<p dir=\"ltr\">O Programa de Alimenta\u00e7\u00e3o do Trabalhador \u00e9 um incentivo que as empresas recebem ao destinar um valor para a alimenta\u00e7\u00e3o de seus colaboradores, conseguindo uma dedu\u00e7\u00e3o de at\u00e9 4% de seus impostos!&nbsp;<\/p>\n<p dir=\"ltr\">O PAT existe para que seja incentivado uma boa alimenta\u00e7\u00e3o das pessoas, conseguindo motiv\u00e1-las, melhorar seu rendimento e diminuir as doen\u00e7as.&nbsp;<\/p>\n<p><span><img decoding=\"async\" alt=\"18 principais perguntas sobre nota fiscal eletronica\" data-id=\"15266\" width=\"175\" data-init-width=\"1080\" height=\"175\" data-init-height=\"1080\" title=\"as-18-principais-perguntas-sobre-nota-fiscal\" loading=\"lazy\" src=\"https:\/\/enotas.com.br\/blog\/wp-content\/uploads\/2021\/02\/as-18-principais-perguntas-sobre-nota-fiscal.png\" data-width=\"175\" data-height=\"175\"><\/span><\/p>\n<blockquote style=\"text-align: center;\"><p><strong>Ebook: As 18 principais perguntas sobre nota fiscal eletr\u00f4nica<\/strong><\/p><\/blockquote>\n<h2 dir=\"ltr\" id=\"indice-3\" data-indice=\"3\" data-viewport=\"indice\">Como abrir?<\/h2>\n<p dir=\"ltr\">Os passos para se abrir uma Eireli n\u00e3o s\u00e3o muito diferentes das demais naturezas, mas claro que com suas peculiaridades:<\/p>\n<ul>\n<li dir=\"ltr\">Fa\u00e7a a inscri\u00e7\u00e3o do Cadastro Nacional de Pessoa Jur\u00eddica, o famoso CNPJ. Nessa hora, \u00e9 importante certificar que o nome adotado n\u00e3o \u00e9 usado por outras empresas e se a loca\u00e7\u00e3o \u00e9 vi\u00e1vel junto \u00e0 prefeitura;&nbsp;&nbsp;<\/li>\n<li dir=\"ltr\">Para empresas do segmento industrial e comercial, verifique se \u00e9 preciso um cadastro na secretaria estadual da Fazenda. Em outros segmentos, o cadastro \u00e9 junto \u00e0 secretaria municipal;<\/li>\n<li dir=\"ltr\">\u00c9 necess\u00e1rio ter um alvar\u00e1 de funcionamento junto \u00e0 prefeitura de cada cidade. O documento \u00e9 fundamental para que voc\u00ea comece as atividades no local escolhido;<\/li>\n<li dir=\"ltr\">Voc\u00ea certamente emitir\u00e1 notas a seus clientes, portanto, precisar\u00e1 de um certificado digital para assinar documentos pela internet com a devida validade jur\u00eddica.&nbsp;<\/li>\n<\/ul>\n<h2 dir=\"ltr\" id=\"indice-4\" data-indice=\"4\" data-viewport=\"indice\">Qual regime tribut\u00e1rio aderir?<\/h2>\n<p dir=\"ltr\">A Eireli \u00e9 uma natureza jur\u00eddica para aqueles empres\u00e1rios que queiram abrir um neg\u00f3cio sem ter um s\u00f3cio, desde que tenha capital social suficiente para garantir a sa\u00fade financeira.&nbsp;<\/p>\n<p dir=\"ltr\">E, como voc\u00ea viu, s\u00e3o muitas as possibilidades de se enquadrar em um segmento, j\u00e1 que ela \u00e9 bem abrangente.&nbsp;<\/p>\n<p dir=\"ltr\">Essa gama de possibilidades \u00e9 tamb\u00e9m vista no regime tribut\u00e1rio e a\u00ed entra uma d\u00favida bem pertinente na cabe\u00e7a do empreendedor Eireli: qual aderir?&nbsp;<\/p>\n<p dir=\"ltr\">Por isso, se voc\u00ea ainda tem essa d\u00favida para abrir sua empresa, leia essa dica para entender melhor quais s\u00e3o os <a href=\"https:\/\/enotas.com.br\/blog\/tipos-de-regime-tributario\/\" style=\"outline: none;\" target=\"_blank\" rel=\"noopener noreferrer\">tipos de regime tribut\u00e1rio<\/a> e qual \u00e9 aquele que melhor se enquadra com a sua realidade!<\/p>\n<h3>Vivencie a melhor experi\u00eancia da gal\u00e1xia em automa\u00e7\u00e3o fiscal!<\/h3>\n<p><a href=\"https:\/\/www.enotas.com.br\/\" style=\"outline: none;\" target=\"_blank\" rel=\"noopener noreferrer\">Conhe\u00e7a a eNotas!<\/a><span> Insert Content Template or Symbol<\/span><\/p>\n","protected":false},"excerpt":{"rendered":"<p>Acompanhe o nosso post e descubra o que \u00e9 o formato da empresa Eireli e para quem \u00e9 indicado. Aproveite tamb\u00e9m para tirar todas as suas d\u00favidas! Quem est\u00e1 no ramo do empreendedorismo sabe que muitos pormenores s\u00e3o determinantes para o processo burocr\u00e1tico e jur\u00eddico do neg\u00f3cio.&nbsp; E nesse universo de possibilidades, est\u00e1 a defini\u00e7\u00e3o [&#8230;]<\/p>\n","protected":false},"author":15,"featured_media":16977,"comment_status":"open","ping_status":"closed","sticky":false,"template":"","format":"standard","meta":{"footnotes":""},"categories":[36],"tags":[],"class_list":["post-16975","post","type-post","status-publish","format-standard","has-post-thumbnail","hentry","category-negocios"],"_links":{"self":[{"href":"https:\/\/enotas.com.br\/blog\/wp-json\/wp\/v2\/posts\/16975","targetHints":{"allow":["GET"]}}],"collection":[{"href":"https:\/\/enotas.com.br\/blog\/wp-json\/wp\/v2\/posts"}],"about":[{"href":"https:\/\/enotas.com.br\/blog\/wp-json\/wp\/v2\/types\/post"}],"author":[{"embeddable":true,"href":"https:\/\/enotas.com.br\/blog\/wp-json\/wp\/v2\/users\/15"}],"replies":[{"embeddable":true,"href":"https:\/\/enotas.com.br\/blog\/wp-json\/wp\/v2\/comments?post=16975"}],"version-history":[{"count":9,"href":"https:\/\/enotas.com.br\/blog\/wp-json\/wp\/v2\/posts\/16975\/revisions"}],"predecessor-version":[{"id":22125,"href":"https:\/\/enotas.com.br\/blog\/wp-json\/wp\/v2\/posts\/16975\/revisions\/22125"}],"wp:featuredmedia":[{"embeddable":true,"href":"https:\/\/enotas.com.br\/blog\/wp-json\/wp\/v2\/media\/16977"}],"wp:attachment":[{"href":"https:\/\/enotas.com.br\/blog\/wp-json\/wp\/v2\/media?parent=16975"}],"wp:term":[{"taxonomy":"category","embeddable":true,"href":"https:\/\/enotas.com.br\/blog\/wp-json\/wp\/v2\/categories?post=16975"},{"taxonomy":"post_tag","embeddable":true,"href":"https:\/\/enotas.com.br\/blog\/wp-json\/wp\/v2\/tags?post=16975"}],"curies":[{"name":"wp","href":"https:\/\/api.w.org\/{rel}","templated":true}]}}