{"id":22552,"date":"2021-09-21T11:13:13","date_gmt":"2021-09-21T14:13:13","guid":{"rendered":"https:\/\/enotas.com.br\/blog\/?p=22552"},"modified":"2025-09-26T15:38:01","modified_gmt":"2025-09-26T18:38:01","slug":"espiral-ativada","status":"publish","type":"post","link":"https:\/\/enotas.com.br\/blog\/espiral-ativada\/","title":{"rendered":"Espiral Ativada: Lufe Gomes e Grupo Arrepia se unem em parceria otimizada pela eNotas"},"content":{"rendered":"<p><span style=\"\"><img decoding=\"async\" alt=\"Logo_Case_aspiral ativada\" data-id=\"22605\" width=\"115\" data-init-width=\"242\" height=\"100\" data-init-height=\"212\" title=\"Logo_Case_aspiral ativada\" loading=\"lazy\" src=\"https:\/\/enotas.com.br\/blog\/wp-content\/uploads\/2021\/09\/Prancheta-3.png\" data-width=\"115\" data-height=\"100\" style=\"margin-left: 0px;\" ml-m=\"0\" mt-m=\"-1\" mt-d=\"0\"><\/span><\/p>\n<h2 style=\"\">Espiral Ativada: Lufe Gomes e Grupo Arrepia se unem em parceria otimizada pela eNotas<\/h2>\n<h1 style=\"text-align: left;\">Espiral Ativada<\/h1>\n<p><span style=\"\"><img decoding=\"async\" alt=\"Aspiral Ativada_ilustra\" data-id=\"22571\" width=\"320\" data-init-width=\"922\" height=\"320\" data-init-height=\"922\" title=\"Aspiral Ativada_ilustra\" loading=\"lazy\" src=\"https:\/\/enotas.com.br\/blog\/wp-content\/uploads\/2021\/09\/Prancheta-34.png\" data-width=\"320\" data-height=\"320\" style=\"\" ml-m=\"0\" ml-d=\"0\" mt-d=\"0\"><\/span><span><span>Insert Image<\/span><\/span><\/p>\n<p dir=\"ltr\"><span>O que acontece quando um grupo audiovisual e um fot\u00f3grafo e escritor se unem em um projeto? Essa \u00e9 a hist\u00f3ria de sucesso da parceria entre o Grupo Arrepia e o Luiz Fernando Martins Gomes, mais conhecido como Lufe Gomes, que juntos &nbsp;desenvolveram o curso \u201cEspiral Ativada\u201d.<\/span><\/p>\n<p dir=\"ltr\"><span><span><\/span><\/span><\/p>\n<p dir=\"ltr\"><span><span>O projeto, desenvolvido ao longo de seis meses, conta com os dois coprodutores para disponibilizar um conte\u00fado muito rico sobre desenvolvimento pessoal, baseado em uma metodologia criada pelo pr\u00f3prio Lufe. Ainda no in\u00edcio, a parceria promete ser bem sucedida, e j\u00e1 conta com a eNotas no processo de emiss\u00e3o autom\u00e1tica de notas fiscais.&nbsp;<\/span><\/span><\/p>\n<p dir=\"ltr\"><span>Conhe\u00e7a mais sobre esse projeto na leitura abaixo!<\/span><\/p>\n<p>A sabedoria para automatizar os processos necess\u00e1rios e n\u00e3o perder tempo, foi fundamental, e a eNotas esteve presente para colaborar com a emiss\u00e3o das notas fiscais.&nbsp;<\/p>\n<\/p>\n<p><strong>Vivencie a melhor experi\u00eancia em automa\u00e7\u00e3o fiscal da gal\u00e1xia!<\/strong><\/p>\n<h2 style=\"\">O Lufe<\/h2>\n<p><span><span>Insert Image<\/span><\/span><span style=\"height: 100%;\"><img decoding=\"async\" alt=\"\u00edcone youtube\" data-id=\"22592\" width=\"83\" data-init-width=\"120\" height=\"83\" data-init-height=\"120\" title=\"Simbolo youtube\" loading=\"lazy\" src=\"https:\/\/enotas.com.br\/blog\/wp-content\/uploads\/2021\/09\/Simbolo-youtube.png\" data-width=\"83\" data-height=\"83\" style=\"margin-left: 0px; max-width: none !important;\" mt-t=\"-1\" mt-d=\"0\"><\/span><\/p>\n<p><strong>1 milh\u00e3o de inscritos<\/strong><\/p>\n<p>no canal do YouTube<\/p>\n<p><span><img decoding=\"async\" alt=\"\u00edcone livros\" data-id=\"22593\" width=\"83\" data-init-width=\"120\" height=\"83\" data-init-height=\"120\" title=\"\u00edcone livros\" loading=\"lazy\" src=\"https:\/\/enotas.com.br\/blog\/wp-content\/uploads\/2021\/09\/Prancheta-14.png\" data-width=\"83\" data-height=\"83\" style=\"\" ml-t=\"0\"><\/span><\/p>\n<p><strong>Autor de livros<\/strong><\/p>\n<p>sobre a Espiral Ativada<\/p>\n<p><span><img decoding=\"async\" alt=\"icone fotografia\" data-id=\"22594\" width=\"83\" data-init-width=\"120\" height=\"83\" data-init-height=\"120\" title=\"icone fotografia\" loading=\"lazy\" src=\"https:\/\/enotas.com.br\/blog\/wp-content\/uploads\/2021\/09\/Prancheta-15.png\" data-width=\"83\" data-height=\"83\" style=\"\"><\/span><\/p>\n<p><strong>Fot\u00f3grafo de casas<\/strong><\/p>\n<p>reconhecido no mercado<\/p>\n<p style=\"\">\u201cO Lufe coloca esse<\/p>\n<p style=\"\">aprendizado de uma forma <strong>totalmente&nbsp;<\/strong><strong>diferente e acess\u00edvel&nbsp;<\/strong>para todos os p\u00fablicos&#8221;<\/p>\n<p style=\"\"><strong>Renata Guaran\u00e1,&nbsp;<\/strong><\/p>\n<p style=\"\"><strong>Cofundadora do Grupo Arrepia<\/strong><\/p>\n<p dir=\"ltr\"><span>Lufe Gomes j\u00e1 \u00e9 uma figura conhecida na internet. O fot\u00f3grafo ficou conhecido por seu projeto Life by Lufe, em que fotografa casas criativas e diferentes pelo mundo todo. Em seu canal do Youtube, ele compartilha as fotografias e produz v\u00eddeos sobre as casas, mostrando a decora\u00e7\u00e3o e os ambientes que chamam aten\u00e7\u00e3o. Na plataforma, ele j\u00e1 soma quase 1 milh\u00e3o de inscritos.&nbsp;<\/span><\/p>\n<p dir=\"ltr\">\n<p dir=\"ltr\"><span>O fot\u00f3grafo tamb\u00e9m tem livros publicados, al\u00e9m de uma linha de m\u00f3veis e atua\u00e7\u00f5es com retratos. Hoje, Lufe tamb\u00e9m ampliou sua atua\u00e7\u00e3o com um novo projeto, apostando no mercado digital e desenvolvendo o curso Espiral Ativada, focado em desenvolvimento pessoal.<\/span><\/p>\n<p dir=\"ltr\"><span><\/span><\/p>\n<p dir=\"ltr\"><span>O curso \u00e9 baseado em uma metodologia que ele desenvolveu h\u00e1 mais de dez anos, a chamada Espiral de mudan\u00e7as, que surgiu na vida dele e tem como objetivo melhorar a vida de outras pessoas.<\/span><\/p>\n<p><span> <\/span><span> <\/span><\/p>\n<p><span style=\"\"><img decoding=\"async\" alt=\"Capa do livro Aspiral de mudan\u00e7as_Lufe\" data-id=\"22572\" width=\"800\" data-init-width=\"1598\" height=\"459\" data-init-height=\"917\" title=\"Capa do livro Aspiral de mudan\u00e7as_Lufe\" loading=\"lazy\" src=\"https:\/\/enotas.com.br\/blog\/wp-content\/uploads\/2021\/09\/Prancheta-4.png\" data-width=\"800\" data-height=\"459\" style=\"\" ml-t=\"0\" mt-t=\"0\" center-h-t=\"false\" center-v-t=\"false\" mt-m=\"-1\" ml-m=\"0\" center-v-m=\"true\"><\/span><\/p>\n<p dir=\"ltr\" style=\"\"><span>Dentro desta t\u00e9cnica, ele tem os livros \u201cEspiral de mudan\u00e7as: O poder da transforma\u00e7\u00e3o pessoal e profissional\u201d e \u201cCaf\u00e9 com Lufe: Sua dose extra de boas energias para a vida\u201d publicados, al\u00e9m de v\u00eddeos, ensinamentos e s\u00e9ries publicadas no seu canal do Youtube.&nbsp;<\/span><\/p>\n<p dir=\"ltr\" style=\"\"><span><\/span><\/p>\n<p dir=\"ltr\" style=\"\"><span>Agora, a metodologia desenvolvida por Lufe se transformou em um curso, produzido em coprodu\u00e7\u00e3o com o Grupo Arrepia. A partir dessa parceria, o produto ser\u00e1 lan\u00e7ado em breve na Hotmart.<\/span><\/p>\n<p><span> <\/span><span> <\/span><\/p>\n<h2 dir=\"ltr\" style=\"\">Grupo Arrepia<\/h2>\n<p><span><img decoding=\"async\" alt=\"cases-\u00edcone-origem\" data-id=\"21979\" width=\"83\" data-init-width=\"120\" height=\"83\" data-init-height=\"120\" title=\"cases-\u00edcone-origem\" loading=\"lazy\" src=\"https:\/\/enotas.com.br\/blog\/wp-content\/uploads\/2021\/07\/cases-\u00edcone-origem.png\" data-width=\"83\" data-height=\"83\" style=\"\" ml-d=\"0\" ml-t=\"0\"><\/span><\/p>\n<p style=\"\">H\u00e1 15 anos no mercado<\/p>\n<p><span><img decoding=\"async\" alt=\"case-integrantes\" data-id=\"22597\" width=\"83\" data-init-width=\"120\" height=\"83\" data-init-height=\"120\" title=\"case-integrantes\" loading=\"lazy\" src=\"https:\/\/enotas.com.br\/blog\/wp-content\/uploads\/2021\/09\/Prancheta-19.png\" data-width=\"83\" data-height=\"83\" style=\"\" ml-d=\"0\"><\/span><\/p>\n<p>10 integrantes em diversos<\/p>\n<p>estados do Brasil&nbsp;<\/p>\n<p><span style=\"height: 100%;\"><img decoding=\"async\" alt=\"icone-case-teatro\" data-id=\"22598\" width=\"83\" data-init-width=\"120\" height=\"83\" data-init-height=\"120\" title=\"icone-case-teatro\" loading=\"lazy\" src=\"https:\/\/enotas.com.br\/blog\/wp-content\/uploads\/2021\/09\/Prancheta-17.png\" data-width=\"83\" data-height=\"83\" style=\"max-width: none !important;\" ml-d=\"0\" mt-t=\"-1\" mt-d=\"0\"><\/span><\/p>\n<p>Atua\u00e7\u00e3o com teatro, TV,<\/p>\n<p>cinema e audiovisual<\/p>\n<p dir=\"ltr\" style=\"\">O Grupo Arrepia come\u00e7ou h\u00e1 15 anos, formado por duas atrizes, diretoras e cineastas: Renata Guaran\u00e1 e Maria Pia Carone, cujos apelidos \u201cR\u00ea\u201d e \u201cPia\u201d formaram o nome do grupo. Ambas come\u00e7aram no teatro, e o trabalho que come\u00e7ou em dupla, hoje soma mais de 10 integrantes, de diversos estados do Brasil.&nbsp;<\/p>\n<p><span><img decoding=\"async\" alt=\"Espet\u00e1culo O rei do Lixo_Grupo Arrepia\" data-id=\"22574\" width=\"800\" data-init-width=\"1666\" height=\"603\" data-init-height=\"1254\" title=\"Espet\u00e1culo O rei do Lixo_Grupo Arrepia\" loading=\"lazy\" src=\"https:\/\/enotas.com.br\/blog\/wp-content\/uploads\/2021\/09\/Prancheta-6.png\" data-width=\"800\" data-height=\"603\" style=\"\"><\/span><\/p>\n<p dir=\"ltr\" style=\"\">Hoje, o grupo tamb\u00e9m atua com audiovisual, na produ\u00e7\u00e3o de clipes e curtas. H\u00e1 tr\u00eas anos, entraram de cabe\u00e7a no mercado digital, produzindo diversos cursos. O grupo oferece um trabalho diferenciado neste setor, com cursos produzidos no Brasil e no exterior.<\/p>\n<p dir=\"ltr\" style=\"\">\n<p dir=\"ltr\" style=\"\">\u201cN\u00f3s assumimos toda a produ\u00e7\u00e3o, desde a cria\u00e7\u00e3o de roteiros, grava\u00e7\u00f5es, edi\u00e7\u00e3o, do in\u00edcio ao fim\u201d, relata Renata.&nbsp;<\/p>\n<p dir=\"ltr\" style=\"\">\n<p dir=\"ltr\">Ela conta ainda que os projetos envolvem uma s\u00e9rie de fatores, e que \u00e9 preciso ter uma rela\u00e7\u00e3o com o conte\u00fado e verdadeira conex\u00e3o para que o Grupo Arrepia participe do trabalho.&nbsp;<\/p>\n<p dir=\"ltr\">\n<p dir=\"ltr\">Al\u00e9m disso, a produ\u00e7\u00e3o dos cursos exige tempo. Cada projeto \u00e9 feito com foco nos detalhes e compromisso com o conte\u00fado passado. Por isso, n\u00e3o h\u00e1 a produ\u00e7\u00e3o em massa de materiais, mas sim o lan\u00e7amento de conte\u00fados com veia art\u00edstica, que busquem passar uma vis\u00e3o \u00fanica sobre os temas.&nbsp;<\/p>\n<p dir=\"ltr\">\n<p dir=\"ltr\">\u201cMuitas pessoas perguntam se lan\u00e7amos cursos, mas n\u00e3o vamos lan\u00e7ar dez produtos de uma vez, n\u00e3o \u00e9 assim que trabalhamos. Com o Lufe, casou muito essa coisa da vibe, momento certo, na hora certa, com o produto certo\u201d, explica.&nbsp;<\/p>\n<p><span><span>Insert Image<\/span><\/span><\/p>\n<h2 dir=\"ltr\" style=\"\">Espiral Ativada&nbsp;<\/h2>\n<p><span style=\"height: 100%;\"><img decoding=\"async\" alt=\"qualidade\" data-id=\"21248\" width=\"83\" data-init-width=\"120\" height=\"83\" data-init-height=\"120\" title=\"Milhas-e-Viagens-13\" loading=\"lazy\" src=\"https:\/\/enotas.com.br\/blog\/wp-content\/uploads\/2021\/06\/Milhas-e-Viagens-13.png\" data-width=\"83\" data-height=\"83\" style=\"margin-left: 0px; max-width: none !important;\" ml-d=\"0\" ml-t=\"0\" mt-d=\"0\"><\/span><\/p>\n<p>Curso de sucesso:<\/p>\n<p><strong>Grupo Arrepia, Lufe e eNotas&nbsp;<\/strong><\/p>\n<p style=\"text-align: left;\">\u201cLufe \u00e9 fot\u00f3grafo de casas, mas tamb\u00e9m gosta de falar sobre a casa interior e o desenvolvimento pessoal. De acordo com ele, n\u00e3o existe a casa externa bonita, se a sua casa interna n\u00e3o estiver equilibrada\u201d.<\/p>\n<p style=\"\"><strong>Renata Guaran\u00e1,&nbsp;<\/strong><\/p>\n<p style=\"\"><strong>Cofundador do Grupo Arrepia<\/strong><\/p>\n<p dir=\"ltr\" style=\"\">A Espiral Ativada \u00e9 uma metodologia desenvolvida por Lufe, que tem como fundamentos as viv\u00eancias e experi\u00eancias que passou ao longo da sua vida, com o objetivo de desenvolvimento pessoal. Assim, em parceria com o Grupo Arrepia, surgiu o curso \u201cEspiral Ativada\u201d, que nada mais \u00e9 do que o treinamento pr\u00e1tico baseado na metodologia da Espiral de mudan\u00e7as.<\/p>\n<p dir=\"ltr\" style=\"\">\n<p dir=\"ltr\" style=\"\">O curso aborda diversos temas relacionados ao desenvolvimento pessoal, como a expans\u00e3o da consci\u00eancia e da sua capacidade de realiza\u00e7\u00e3o, a mentalidade de se tornar a sua melhor vers\u00e3o, entre outras coisas que j\u00e1 ouvimos. Por\u00e9m, o Lufe coloca esse aprendizado de uma forma totalmente diferente e acess\u00edvel para todos os p\u00fablicos.&nbsp;<\/p>\n<p><span><img decoding=\"async\" alt=\"Aspiral_Ilustra\u00e7\u00e3o_As\u00b4piral ativada\" data-id=\"22579\" width=\"800\" data-init-width=\"1308\" height=\"540\" data-init-height=\"883\" title=\"Aspiral_Ilustra\u00e7\u00e3o_As\u00b4piral ativada\" loading=\"lazy\" src=\"https:\/\/enotas.com.br\/blog\/wp-content\/uploads\/2021\/09\/Prancheta-7.png\" data-width=\"800\" data-height=\"540\" style=\"\"><\/span><\/p>\n<p style=\"text-align: center;\"><strong>\u201cO diferencial \u00e9 o pr\u00f3prio Lufe, sua viv\u00eancia e experi\u00eancia, que possibilitaram desenvolver essa metodologia. Ele validou o m\u00e9todo em outras pessoas ao seu redor, e o curso foi baseado em experi\u00eancias, de forma aut\u00eantica e real\u201d, explica Renata. &nbsp;<\/strong><\/p>\n<p dir=\"ltr\" style=\"\">A metodologia se reflete n\u00e3o somente no curso, mas no estilo de vida de Lufe, que compartilha sua vida e rotina nas redes. \u201cLufe \u00e9 fot\u00f3grafo de casas, mas tamb\u00e9m gosta de falar sobre a casa interior e o desenvolvimento pessoal. De acordo com ele, n\u00e3o existe a casa externa bonita, se a sua casa interna n\u00e3o estiver equilibrada\u201d, conta a diretora.<\/p>\n<p dir=\"ltr\" style=\"\">\n<p dir=\"ltr\" style=\"\">Segundo ela, \u00e9 uma quest\u00e3o de a pessoa se permitir experimentar. Quando falamos de se tornar sua melhor vers\u00e3o, isso significa muitas coisas. \u00c9 uma quest\u00e3o de se identificar com a linguagem e entrar na espiral, ficando assim em um ciclo acima de desenvolvimento, essa \u00e9 a jogada.&nbsp;<\/p>\n<p><span><img decoding=\"async\" alt=\"Lufe colando Lambes\" data-id=\"22585\" width=\"800\" data-init-width=\"1592\" height=\"596\" data-init-height=\"1186\" title=\"Lufe colando Lambes\" loading=\"lazy\" src=\"https:\/\/enotas.com.br\/blog\/wp-content\/uploads\/2021\/09\/Prancheta-5-c\u00f3pia-3.png\" data-width=\"800\" data-height=\"596\" style=\"\"><\/span><\/p>\n<p style=\"text-align: center;\"><strong>&#8220;Nos primeiros minutos de ensinamento as pessoas falam \u2018Uau, senti isso\u2019, ou \u2018\u00e9 mesmo\u2019 e \u2018 eu j\u00e1 tinha ouvido isso, mas n\u00e3o dessa forma\u2019. Traz muito da personalidade do Lufe\u201d, relata.&nbsp;<\/strong><\/p>\n<p dir=\"ltr\" style=\"\">Com a uni\u00e3o da metodologia de Lufe e o trabalho audiovisual do grupo Arrepia, surgiu uma parceria. Renata e Pia j\u00e1 conheciam a atua\u00e7\u00e3o do fot\u00f3grafo pelas redes sociais, &nbsp; e o primeiro contato aconteceu em uma live dele, quase sem querer. &nbsp;<\/p>\n<p dir=\"ltr\" style=\"\">\n<p dir=\"ltr\" style=\"\">Era para ser! houve uma conex\u00e3o forte entre o que o Lufe buscava e o que o Arrepia podia oferecer. &nbsp;<\/p>\n<p dir=\"ltr\" style=\"\">\n<p dir=\"ltr\" style=\"\">Logo, a parceria foi firmada. O curso ser\u00e1 lan\u00e7ado oficialmente em um m\u00eas. Uma pr\u00e9-venda foi feita sem an\u00fancio e monetiza\u00e7\u00e3o, somente para os membros do canal do Youtube do Lufe, pessoas que pagam um valor para acessar os ensinamentos da Espiral e o caf\u00e9 com Lufe, quadros que focam em desenvolvimento pessoal.&nbsp;<\/p>\n<p dir=\"ltr\" style=\"\">\n<p dir=\"ltr\" style=\"\">A pr\u00e9-venda atingiu cerca de 200 pessoas, formando a primeira turma, extremamente fechada. Com o lan\u00e7amento oficial, ser\u00e1 formada a turma 1, e com expectativa de um n\u00famero elevado de alunos.<\/p>\n<h2 dir=\"ltr\" style=\"\">O papel<\/h2>\n<h2 dir=\"ltr\" style=\"\">da eNotas<\/h2>\n<p><span><img decoding=\"async\" alt=\"Coprodu\u00e7\u00e3o_Icone_Case\" data-id=\"22601\" width=\"83\" data-init-width=\"120\" height=\"83\" data-init-height=\"120\" title=\"Coprodu\u00e7\u00e3o_Icone_Case\" loading=\"lazy\" src=\"https:\/\/enotas.com.br\/blog\/wp-content\/uploads\/2021\/09\/Prancheta-10.png\" data-width=\"83\" data-height=\"83\" ml-d=\"0\" style=\"\"><\/span><\/p>\n<p>Diferencial:<\/p>\n<p><strong>facilidade na coprodu\u00e7\u00e3o<\/strong><\/p>\n<p><span style=\"\"><img decoding=\"async\" alt=\"tempo\" data-id=\"19011\" width=\"83\" data-init-width=\"120\" height=\"83\" data-init-height=\"120\" title=\"tempo\" loading=\"lazy\" src=\"https:\/\/enotas.com.br\/blog\/wp-content\/uploads\/2021\/04\/Vooozer_eNotas_6.png\" data-width=\"83\" data-height=\"83\" style=\"margin-left: 0px;\" mt-t=\"-1\"><\/span><\/p>\n<p>eNotas: servi\u00e7o<\/p>\n<p><strong>que poupa tempo<\/strong><\/p>\n<p style=\"\">\u201cTemos diferentes contadores, ent\u00e3o a facilidade do contador<\/p>\n<p style=\"\">entrar ali, puxar relat\u00f3rios<\/p>\n<p style=\"\">e resolver as coisas pra<\/p>\n<p style=\"\">gente tamb\u00e9m \u00e9 importante\u201d.<\/p>\n<p style=\"\"><strong>Renata Guaran\u00e1,<\/strong><\/p>\n<p style=\"\"><strong>Cofundadora do Grupo Arrepia<\/strong><\/p>\n<p dir=\"ltr\" style=\"\">Lufe tem, somente no Youtube, mais de 900 mil seguidores. Por isso, mesmo com o curso ainda para ser lan\u00e7ado, a previs\u00e3o \u00e9 que&nbsp; n\u00famero de assinantes seja expressivo. Por isso, os parceiros se encontraram diante de um obst\u00e1culo: como emitir tantas notas simultaneamente?&nbsp;<\/p>\n<p dir=\"ltr\" style=\"\">\n<p dir=\"ltr\" style=\"\">\u00c9 a\u00ed que a solu\u00e7\u00e3o de emiss\u00e3o de notas fiscais entra.<\/p>\n<p style=\"text-align: center;\"><strong>\u201cA eNotas soluciona um problema universal que se chama tempo. Ela me traz praticidade e resolve meu problema de tempo\u201d.<\/strong><\/p>\n<p dir=\"ltr\">Assim, o per\u00edodo que seria dedicado para a emiss\u00e3o manual de notas, uma a uma, pode ser usado para focar em outras demandas, como a organiza\u00e7\u00e3o do lan\u00e7amento do curso e o atendimento a quem faz parte da turma da pr\u00e9-venda.<\/p>\n<p><span><img decoding=\"async\" alt=\"mo\u00e7a estudando online\" data-id=\"22588\" width=\"800\" data-init-width=\"1666\" height=\"603\" data-init-height=\"1254\" title=\"mo\u00e7a estudando online\" loading=\"lazy\" src=\"https:\/\/enotas.com.br\/blog\/wp-content\/uploads\/2021\/09\/Prancheta-6-c\u00f3pia-2.png\" data-width=\"800\" data-height=\"603\" style=\"\"><\/span><\/p>\n<p dir=\"ltr\" style=\"\">Outro papel crucial da eNotas neste processo foi a disponibiliza\u00e7\u00e3o da funcionalidade de coprodu\u00e7\u00e3o. Lufe e o Grupo Arrepia entraram no projeto com a divis\u00e3o dos lucros em 50%, e fazer essa divis\u00e3o manualmente seria um processo extremamente complicado e burocr\u00e1tico.&nbsp;<\/p>\n<p dir=\"ltr\" style=\"\">\n<p dir=\"ltr\" style=\"\"><strong>Assim, a coprodu\u00e7\u00e3o foi essencial neste sentido.<\/strong><\/p>\n<p dir=\"ltr\" style=\"\">\u201c\u00c9 organizado, e para a gente, \u00e9 muito importante que essa divis\u00e3o de coprodutores &nbsp;seja clara e bem feita, mostrando qual valor \u00e9 de qual nota e para qual coprodutor\u201d, afirma Renata.&nbsp;<\/p>\n<p dir=\"ltr\" style=\"\"><span>Al\u00e9m disso, dentro do Grupo Arrepia, haver\u00e1 ainda uma divis\u00e3o entre os pr\u00f3prios membros, que recebem por comiss\u00e3o. Dessa forma, a ferramenta de coprodu\u00e7\u00e3o permite que isso seja feito de forma simples, dividindo o faturamento automaticamente para cada pessoa envolvida.&nbsp;<\/span><\/p>\n<p dir=\"ltr\" style=\"\"><span><\/span><\/p>\n<p dir=\"ltr\" style=\"\"><span>Outra praticidade apontada \u00e9 a possibilidade de acompanhamento por contadores. \u201cTemos diferentes contadores, ent\u00e3o a facilidade do contador entrar ali, puxar relat\u00f3rios e resolver as coisas pra gente tamb\u00e9m \u00e9 importante\u201d.<\/span><\/p>\n<h2 dir=\"ltr\" style=\"\">Lan\u00e7amento<\/h2>\n<h2 dir=\"ltr\" style=\"\">de sucesso<\/h2>\n<p><span><img decoding=\"async\" alt=\"\" data-id=\"16255\" width=\"80\" data-init-width=\"120\" height=\"80\" data-init-height=\"120\" title=\"Agilize-icone-7\" loading=\"lazy\" src=\"https:\/\/enotas.com.br\/blog\/wp-content\/uploads\/2021\/02\/Agilize-icone-7.png\" data-width=\"80\" data-height=\"80\" style=\"\" ml-d=\"0\"><\/span><\/p>\n<p>Parceria de sucesso e<\/p>\n<p><strong>crescimento escal\u00e1vel<\/strong><\/p>\n<p><span style=\"\"><img decoding=\"async\" alt=\"parceria\" data-id=\"18760\" width=\"83\" data-init-width=\"120\" height=\"83\" data-init-height=\"120\" title=\"nova-praxis-enotas\" loading=\"lazy\" src=\"https:\/\/enotas.com.br\/blog\/wp-content\/uploads\/2021\/04\/nova-praxis-enotas-14.png\" data-width=\"83\" data-height=\"83\" ml-d=\"0\" style=\"margin-left: 0px;\" mt-t=\"-1\"><\/span><\/p>\n<p>Com a parceria&nbsp;<\/p>\n<p><strong>da eNotas<\/strong><\/p>\n<p dir=\"ltr\" style=\"\">Agora, a expectativa \u00e9 direcionada para o lan\u00e7amento do curso. O projeto \u00e9 fruto do trabalho conjunto de dois parceiros que t\u00eam a mesma vis\u00e3o art\u00edstica, e visam compartilhar esse conte\u00fado da melhor forma poss\u00edvel. \u00c9 uma parceria que promete, ainda, a cria\u00e7\u00e3o de outros materiais interessantes.&nbsp;<\/p>\n<p dir=\"ltr\" style=\"\">\n<p dir=\"ltr\" style=\"\">A eNotas funcionou como uma ferramenta crucial para esse processo, tornando-o menos complexo e permitindo a tranquilidade para focar no aprimoramento do trabalho. No mundo online, essa facilidade \u00e9 essencial. \u201cIsso facilita a vida no mercado digital, principalmente porque os n\u00fameros do Lufe s\u00e3o grandes\u201d, explica Renata.&nbsp;<\/p>\n<p><span><img decoding=\"async\" alt=\"\" data-id=\"17646\" width=\"800\" data-init-width=\"1601\" height=\"583\" data-init-height=\"1165\" title=\"eNotas-automatiza\u00e7\u00e3o-de-nota-fiscal\" loading=\"lazy\" src=\"https:\/\/enotas.com.br\/blog\/wp-content\/uploads\/2021\/03\/Leadlovers-6.png\" data-width=\"800\" data-height=\"583\" style=\"\"><\/span><\/p>\n<p style=\"\"><strong>Queremos que voc\u00ea n\u00e3o perca mais tempo com a emiss\u00e3o de notas fiscais e foque, de verdade, nos seus objetivos!&nbsp;<\/strong><\/p>\n<p style=\"\">\n<p style=\"\">Conhe\u00e7a o eNotas Emissor e leve esse sucesso para a sua trajet\u00f3ria! &nbsp;<\/p>\n<p><span>Select Columns Layout<\/span><span> Insert Content Template or Symbol<\/span><\/p>\n<h3 style=\"\">AUTOMATIZE J\u00c1<\/h3>\n<h2 style=\"\">Cuidamos das notas fiscais para voc\u00ea cuidar do seu neg\u00f3cio.<\/h2>\n<p><span>Select Columns Layout<\/span><span>Select Columns Layout<\/span><span><span>Insert Image<\/span><\/span><span><span>Insert Image<\/span><\/span><span> Insert Content Template or Symbol<\/span><\/p>\n","protected":false},"excerpt":{"rendered":"<p>Insert Image O que acontece quando um grupo audiovisual e um fot\u00f3grafo e escritor se unem em um projeto? Essa \u00e9 a hist\u00f3ria de sucesso da parceria entre o Grupo Arrepia e o Luiz Fernando Martins Gomes, mais conhecido como Lufe Gomes, que juntos &nbsp;desenvolveram o curso \u201cEspiral Ativada\u201d. O projeto, desenvolvido ao longo de [&#8230;]<\/p>\n","protected":false},"author":23,"featured_media":23774,"comment_status":"open","ping_status":"closed","sticky":false,"template":"historias-de-sucesso.php","format":"standard","meta":{"footnotes":""},"categories":[91],"tags":[],"class_list":["post-22552","post","type-post","status-publish","format-standard","has-post-thumbnail","hentry","category-casos-de-sucesso"],"_links":{"self":[{"href":"https:\/\/enotas.com.br\/blog\/wp-json\/wp\/v2\/posts\/22552","targetHints":{"allow":["GET"]}}],"collection":[{"href":"https:\/\/enotas.com.br\/blog\/wp-json\/wp\/v2\/posts"}],"about":[{"href":"https:\/\/enotas.com.br\/blog\/wp-json\/wp\/v2\/types\/post"}],"author":[{"embeddable":true,"href":"https:\/\/enotas.com.br\/blog\/wp-json\/wp\/v2\/users\/23"}],"replies":[{"embeddable":true,"href":"https:\/\/enotas.com.br\/blog\/wp-json\/wp\/v2\/comments?post=22552"}],"version-history":[{"count":65,"href":"https:\/\/enotas.com.br\/blog\/wp-json\/wp\/v2\/posts\/22552\/revisions"}],"predecessor-version":[{"id":25806,"href":"https:\/\/enotas.com.br\/blog\/wp-json\/wp\/v2\/posts\/22552\/revisions\/25806"}],"wp:featuredmedia":[{"embeddable":true,"href":"https:\/\/enotas.com.br\/blog\/wp-json\/wp\/v2\/media\/23774"}],"wp:attachment":[{"href":"https:\/\/enotas.com.br\/blog\/wp-json\/wp\/v2\/media?parent=22552"}],"wp:term":[{"taxonomy":"category","embeddable":true,"href":"https:\/\/enotas.com.br\/blog\/wp-json\/wp\/v2\/categories?post=22552"},{"taxonomy":"post_tag","embeddable":true,"href":"https:\/\/enotas.com.br\/blog\/wp-json\/wp\/v2\/tags?post=22552"}],"curies":[{"name":"wp","href":"https:\/\/api.w.org\/{rel}","templated":true}]}}