{"id":8379,"date":"2018-11-27T15:45:37","date_gmt":"2018-11-27T17:45:37","guid":{"rendered":"https:\/\/enotas.com.br\/blog\/?p=8379"},"modified":"2023-01-24T17:15:14","modified_gmt":"2023-01-24T20:15:14","slug":"sat-reserva","status":"publish","type":"post","link":"https:\/\/enotas.com.br\/blog\/sat-reserva\/","title":{"rendered":"SAT reserva em SP: entenda mais sobre a obrigatoriedade"},"content":{"rendered":"<p>Os contribuintes do Estado de S\u00e3o Paulo que emitem CF-e devem ter um <a href=\"https:\/\/enotas.com.br\/blog\/sat-fiscal\/\" target=\"_blank\" rel=\"noopener\">SAT<\/a> reserva desde fevereiro de 2018 de acordo com a Portaria CAT 08\/2018.<\/p>\n<p>O equipamento \u00e9 utilizado por grande parte do varejo paulista. Por isso, \u00e9 essencial mant\u00ea-lo funcionando corretamente. Este post vai te explicar mais sobre o tema.&nbsp;<\/p>\n<h2 id=\"indice-0\" data-indice=\"0\" data-viewport=\"indice\">SAT Fiscal reserva: entenda mais sobre o assunto<\/h2>\n<p>Em outras palavras, por mais que o seu estabelecimento j\u00e1 emita CF-e corretamente, \u00e9 preciso adquirir um novo equipamento SAT reserva.&nbsp;<\/p>\n<p>O objetivo dessa exig\u00eancia \u00e9 atender aos casos de conting\u00eancia, evitando problemas na emiss\u00e3o dos documentos fiscais quando o aparelho principal parar de funcionar por causa de um imprevisto.<\/p>\n<p>Portanto, tenha um SAT reserva ativado em seu com\u00e9rcio quanto antes.&nbsp;<\/p>\n<p>Confira a portaria na \u00edntegra abaixo:<\/p>\n<p><a href=\"https:\/\/www.imprensaoficial.com.br\/DO\/BuscaDO2001Documento_11_4.aspx?link=\/2018\/executivo%2520secao%2520i\/fevereiro\/07\/pag_0045_C8O154QJGOSVRe5STGHCJHV6T8R.pdf&amp;pagina=45&amp;data=07\/02\/2018&amp;caderno=Executivo%20I&amp;paginaordenacao=100045\" target=\"_blank\" rel=\"noopener\"><strong>Portaria CAT n\u00ba 8\/2018 \u2013 DOE\/SP de 07.02.2018<\/strong><\/a><\/p>\n<p><em>Altera a Portaria CAT 147\/2012, de 05.11.2012, que disp\u00f5e sobre a emiss\u00e3o do Cupom Fiscal Eletr\u00f4nico \u2013 CF-e-SAT por meio do Sistema de Autentica\u00e7\u00e3o e Transmiss\u00e3o \u2013 SAT, a obrigatoriedade de sua emiss\u00e3o, e d\u00e1 outras provid\u00eancias.<\/em><\/p>\n<p><em>O Coordenador da Administra\u00e7\u00e3o Tribut\u00e1ria, tendo em vista o disposto no Ajuste SINIEF-11\/2010, de 24.09.2010, no Ato Cotepe ICMS-09\/2012, de 13.03.2012, e no artigo 212-O, II e \u00a7\u00a7 2\u00ba e 7\u00ba, do Regulamento do Imposto sobre Opera\u00e7\u00f5es Relativas \u00e0 Circula\u00e7\u00e3o de Mercadorias e sobre Presta\u00e7\u00f5es de Servi\u00e7os de Transporte Interestadual e Intermunicipal e de Comunica\u00e7\u00e3o \u2013 RICMS, aprovado pelo Decreto 45.490, de 30.11.2000, expede a seguinte portaria:<\/em><\/p>\n<p><em><strong>Art. 1\u00ba<\/strong>&nbsp;Passa a vigorar, com a reda\u00e7\u00e3o que se segue, o artigo 25 da Portaria CAT 147\/2012, de 05.11.2012:<\/em><\/p>\n<p><em>\u201c<strong>Art. 25<\/strong>. O contribuinte obrigado \u00e0 emiss\u00e3o de CF-e-SAT dever\u00e1 dispor de equipamentos SAT de reserva ativados para atender aos casos de conting\u00eancia.\u201d (NR).<\/em><\/p>\n<p><em><strong>Art. 2\u00ba<\/strong>&nbsp;Esta portaria entra em vigor na data de sua publica\u00e7\u00e3o.<\/em><\/p>\n<p>A partir de agora, voc\u00ea sabe mas sobre a obrigatoriedade do SAT reserva em S\u00e3o Paulo.&nbsp;<\/p>\n","protected":false},"excerpt":{"rendered":"<p>Os contribuintes do Estado de S\u00e3o Paulo que emitem CF-e devem ter um SAT reserva desde fevereiro de 2018 de acordo com a Portaria CAT 08\/2018. O equipamento \u00e9 utilizado por grande parte do varejo paulista. Por isso, \u00e9 essencial mant\u00ea-lo funcionando corretamente. Este post vai te explicar mais sobre o tema.&nbsp; Em outras palavras, [&#8230;]<\/p>\n","protected":false},"author":15,"featured_media":8381,"comment_status":"open","ping_status":"closed","sticky":false,"template":"","format":"standard","meta":{"footnotes":""},"categories":[7,204],"tags":[],"class_list":["post-8379","post","type-post","status-publish","format-standard","has-post-thumbnail","hentry","category-legalizacao","category-notas-fiscais"],"_links":{"self":[{"href":"https:\/\/enotas.com.br\/blog\/wp-json\/wp\/v2\/posts\/8379","targetHints":{"allow":["GET"]}}],"collection":[{"href":"https:\/\/enotas.com.br\/blog\/wp-json\/wp\/v2\/posts"}],"about":[{"href":"https:\/\/enotas.com.br\/blog\/wp-json\/wp\/v2\/types\/post"}],"author":[{"embeddable":true,"href":"https:\/\/enotas.com.br\/blog\/wp-json\/wp\/v2\/users\/15"}],"replies":[{"embeddable":true,"href":"https:\/\/enotas.com.br\/blog\/wp-json\/wp\/v2\/comments?post=8379"}],"version-history":[{"count":7,"href":"https:\/\/enotas.com.br\/blog\/wp-json\/wp\/v2\/posts\/8379\/revisions"}],"predecessor-version":[{"id":27672,"href":"https:\/\/enotas.com.br\/blog\/wp-json\/wp\/v2\/posts\/8379\/revisions\/27672"}],"wp:featuredmedia":[{"embeddable":true,"href":"https:\/\/enotas.com.br\/blog\/wp-json\/wp\/v2\/media\/8381"}],"wp:attachment":[{"href":"https:\/\/enotas.com.br\/blog\/wp-json\/wp\/v2\/media?parent=8379"}],"wp:term":[{"taxonomy":"category","embeddable":true,"href":"https:\/\/enotas.com.br\/blog\/wp-json\/wp\/v2\/categories?post=8379"},{"taxonomy":"post_tag","embeddable":true,"href":"https:\/\/enotas.com.br\/blog\/wp-json\/wp\/v2\/tags?post=8379"}],"curies":[{"name":"wp","href":"https:\/\/api.w.org\/{rel}","templated":true}]}}