{"id":8462,"date":"2019-12-02T16:42:00","date_gmt":"2019-12-02T18:42:00","guid":{"rendered":"https:\/\/enotas.com.br\/blog\/?p=8462"},"modified":"2023-01-24T16:31:43","modified_gmt":"2023-01-24T19:31:43","slug":"nfce-calendario-obrigatoriedade","status":"publish","type":"post","link":"https:\/\/enotas.com.br\/blog\/nfce-calendario-obrigatoriedade\/","title":{"rendered":"NFC-e: calend\u00e1rio de obrigatoriedade em todos os estados do Brasil"},"content":{"rendered":"<p>A Nota Fiscal de Consumidor Eletr\u00f4nica (<a href=\"https:\/\/enotas.com.br\/blog\/nota-fiscal-de-consumidor-nfc-e\/\" target=\"_blank\" style=\"outline: none;\" rel=\"noopener\">NFCe<\/a>) j\u00e1 \u00e9 realidade em muitos estados brasileiros. Por\u00e9m, alguns ainda n\u00e3o aderiram ao novo modelo e outros est\u00e3o implementando.&nbsp;<\/p>\n<p>Para que voc\u00ea acompanhe como est\u00e1 a situa\u00e7\u00e3o da NFC-e no seu estado, confira o calend\u00e1rio de obrigatoriedade.&nbsp;<\/p>\n<h2 data-indice=\"0\" data-viewport=\"indice\" id=\"indice-0\"><strong>Acre (AC)<\/strong><\/h2>\n<p>A NFC-e \u00e9 obrigat\u00f3ria para todos os contribuintes desde abril de 2015.&nbsp;<a href=\"https:\/\/enotasgw.com.br\/blog\/nfc-e-no-amapa\/\" target=\"_blank\" rel=\"noopener\">\u200b<\/a><\/p>\n<h2 data-indice=\"1\" data-viewport=\"indice\" id=\"indice-1\"><strong>Alagoas (AL)<\/strong><\/h2>\n<p>A NFC-e \u00e9 obrigat\u00f3ria para todos os contribuintes desde &nbsp;outubro de 2018.&nbsp;<\/p>\n<p>Confira o calend\u00e1rio de obrigatoriedade da <a href=\"https:\/\/enotasgw.com.br\/blog\/nfc-e-em-alagoas\/\" target=\"_blank\" rel=\"noopener\">NFC-e em Alagoas<\/a>.<\/p>\n<h2 data-indice=\"2\" data-viewport=\"indice\" id=\"indice-2\"><strong>Amap\u00e1 (AP)<\/strong><\/h2>\n<p>A NFC-e \u00e9 obrigat\u00f3ria para todos os contribuintes desde janeiro de 2020.&nbsp;<\/p>\n<p>Confira o calend\u00e1rio de obrigatoriedade da <a href=\"https:\/\/enotasgw.com.br\/blog\/nfc-e-no-amapa\/\" target=\"_blank\" style=\"outline: none;\" rel=\"noopener\">NFC-e no Amap\u00e1<\/a>.<\/p>\n<h2 data-indice=\"3\" data-viewport=\"indice\" id=\"indice-3\"><strong>Amazonas (AM)<\/strong><\/h2>\n<p>A NFC-e \u00e9 obrigat\u00f3ria para todos os contribuintes desde janeiro de 2015.&nbsp;<a href=\"https:\/\/enotasgw.com.br\/blog\/nfc-e-no-amapa\/\" target=\"_blank\" rel=\"noopener\">\u200b<\/a><\/p>\n<h2 data-indice=\"4\" data-viewport=\"indice\" id=\"indice-4\"><strong>Bahia (BA)<\/strong><\/h2>\n<p>A NFC-e \u00e9 obrigat\u00f3ria para todos os contribuintes desde &nbsp;mar\u00e7o de 2018.&nbsp;<\/p>\n<p>Confira o calend\u00e1rio de obrigatoriedade da <a href=\"https:\/\/enotasgw.com.br\/blog\/nfc-e-na-bahia\/\" target=\"_blank\" rel=\"noopener\">NFC-e na Bahia<\/a>.<\/p>\n<h2 data-indice=\"5\" data-viewport=\"indice\" id=\"indice-5\"><strong>Cear\u00e1 (CE)<\/strong><\/h2>\n<p>O contribuinte pode optar pela NFC-e ou utilizar o m\u00f3dulo&nbsp;<a href=\"http:\/\/www.sefaz.ce.gov.br\/content\/aplicacao\/internet\/download\/gerados\/especceara.asp\" target=\"_blank\" rel=\"noopener\">MFE<\/a>, semelhante ao SAT.&nbsp;<a href=\"https:\/\/enotasgw.com.br\/blog\/nfc-e-no-amapa\/\" target=\"_blank\" rel=\"noopener\">\u200b<\/a><\/p>\n<h2 data-indice=\"6\" data-viewport=\"indice\" id=\"indice-6\"><strong>Distrito Federal (DF)<\/strong><\/h2>\n<p>A NFC-e \u00e9 obrigat\u00f3ria para todos os contribuintes desde julho de 2017.&nbsp;<a href=\"https:\/\/enotasgw.com.br\/blog\/nfc-e-no-amapa\/\" target=\"_blank\" rel=\"noopener\">\u200b<\/a><\/p>\n<h2 data-indice=\"7\" data-viewport=\"indice\" id=\"indice-7\"><strong>Esp\u00edrito Santo (ES)<\/strong><\/h2>\n<p>A NFC-e \u00e9 obrigat\u00f3ria para todos os contribuintes desde &nbsp;janeiro de 2018.&nbsp;<a href=\"https:\/\/enotasgw.com.br\/blog\/nfc-e-no-espirito-santo\/\" target=\"_blank\" rel=\"noopener\">\u200b<\/a><\/p>\n<p>Confira o calend\u00e1rio de obrigatoriedade da <a href=\"https:\/\/enotasgw.com.br\/blog\/nfc-e-no-espirito-santo\/\" target=\"_blank\" rel=\"noopener\">NFC-e no Espirito Santo<\/a>.<\/p>\n<h2 data-indice=\"8\" data-viewport=\"indice\" id=\"indice-8\"><strong>Goi\u00e1s (GO)<\/strong><\/h2>\n<p>A NFC-e \u00e9 obrigat\u00f3ria para todos os contribuintes desde &nbsp;janeiro de 2018.&nbsp;<\/p>\n<p>Confira o calend\u00e1rio de obrigatoriedade da <a href=\"https:\/\/enotasgw.com.br\/blog\/nfc-e-em-goias\/\" style=\"outline: none;\" target=\"_blank\" rel=\"noopener\">NFC-e em G\u00f3ias<\/a>.<\/p>\n<h2 data-indice=\"9\" data-viewport=\"indice\" id=\"indice-9\"><strong>Maranh\u00e3o (MA)<\/strong><\/h2>\n<p>A NFC-e \u00e9 obrigat\u00f3ria para todos os contribuintes desde janeiro de 2018.&nbsp;<\/p>\n<p>Confira o calend\u00e1rio de obrigatoriedade da <a href=\"https:\/\/enotasgw.com.br\/blog\/nfc-e-no-maranhao\/\" target=\"_blank\" style=\"outline: none;\" rel=\"noopener\">NFC-e no Maranh\u00e3o<\/a>.<\/p>\n<h2 data-indice=\"10\" data-viewport=\"indice\" id=\"indice-10\"><strong>Mato Grosso (MT)<\/strong><\/h2>\n<p>A NFC-e \u00e9 obrigat\u00f3ria para todos os contribuintes desde agosto de 2016.&nbsp;<a href=\"https:\/\/enotasgw.com.br\/blog\/nfc-e-no-amapa\/\" target=\"_blank\" rel=\"noopener\">\u200b<\/a><\/p>\n<h2 data-indice=\"11\" data-viewport=\"indice\" id=\"indice-11\"><strong>Mato Grosso do Sul (MS)<\/strong><\/h2>\n<p>A NFC-e \u00e9 obrigat\u00f3ria para todos os contribuintes desde mar\u00e7o de 2019.&nbsp;<\/p>\n<p>Confira as datas e mais detalhes da <a href=\"https:\/\/enotasgw.com.br\/blog\/nfc-e-no-mato-grosso-do-sul\/\" target=\"_blank\" style=\"outline: none;\" rel=\"noopener\">NFC-e no Mato Grosso do Sul.<\/a><\/p>\n<h2 data-indice=\"12\" data-viewport=\"indice\" id=\"indice-12\"><strong>Minas Gerais (MG)<\/strong><\/h2>\n<p>Devido \u00e0 pandemia causada pelo COVID-19, algumas datas foram alteradas para 2021.<\/p>\n<p>\u200bConfira as datas de implementa\u00e7\u00e3o da <a href=\"https:\/\/enotas.com.br\/blog\/nfce-em-minas-gerais\/\" target=\"_blank\" style=\"outline: none;\" rel=\"noopener\">NFC-e em Minas Gerais<\/a>.&nbsp;<\/p>\n<h2 data-indice=\"13\" data-viewport=\"indice\" id=\"indice-13\"><strong>Para\u00edba (PB)<\/strong><\/h2>\n<p>A NFC-e \u00e9 obrigat\u00f3ria para todos os contribuintes desde julho de 2017.&nbsp;<a href=\"https:\/\/enotasgw.com.br\/blog\/nfc-e-no-amapa\/\" target=\"_blank\" rel=\"noopener\">\u200b<\/a><\/p>\n<h2 data-indice=\"14\" data-viewport=\"indice\" id=\"indice-14\"><strong>Paran\u00e1 (PR)<\/strong><\/h2>\n<p>A NFC-e \u00e9 obrigat\u00f3ria para todos os contribuintes desde julho de 2016.&nbsp;<a href=\"https:\/\/enotasgw.com.br\/blog\/nfc-e-no-amapa\/\" target=\"_blank\" rel=\"noopener\">\u200b<\/a><\/p>\n<h2 data-indice=\"15\" data-viewport=\"indice\" id=\"indice-15\"><strong>Pernambuco (PE)<\/strong><\/h2>\n<p>A NFC-e \u00e9 obrigat\u00f3ria para todos os contribuintes desde outubro de 2018.<\/p>\n<p>\u200bEntenda mais sobre a <a href=\"https:\/\/enotasgw.com.br\/blog\/nfc-e-em-pernambuco\/\" target=\"_blank\" style=\"outline: none;\" rel=\"noopener\">NFC-e em Pernambuco<\/a>.<a href=\"https:\/\/enotasgw.com.br\/blog\/nfc-e-no-amapa\/\" target=\"_blank\" rel=\"noopener\">\u200b<\/a><\/p>\n<h2 data-indice=\"16\" data-viewport=\"indice\" id=\"indice-16\"><strong>Piau\u00ed (PI)<\/strong><\/h2>\n<p>A NFC-e \u00e9 obrigat\u00f3ria para todos os contribuintes desde &nbsp;janeiro de 2018.<\/p>\n<p>Confira o calend\u00e1rio de obrigatoriedade da <a href=\"https:\/\/enotasgw.com.br\/blog\/nfc-e-no-piaui\/\" target=\"_blank\" rel=\"noopener\">NFC-e no Piau\u00ed<\/a>.<\/p>\n<h2 data-indice=\"17\" data-viewport=\"indice\" id=\"indice-17\"><strong>Rio de Janeiro (RJ)<\/strong><\/h2>\n<p>A NFC-e \u00e9 obrigat\u00f3ria para todos os contribuintes desde janeiro de 2017.&nbsp;<a href=\"https:\/\/enotasgw.com.br\/blog\/nfc-e-no-amapa\/\" target=\"_blank\" rel=\"noopener\">\u200b<\/a><\/p>\n<h2 data-indice=\"18\" data-viewport=\"indice\" id=\"indice-18\"><strong>Rio Grande do Norte (RN)<\/strong><\/h2>\n<p>A NFC-e \u00e9 obrigat\u00f3ria para todos os contribuintes desde julho de 2017.<a href=\"https:\/\/enotasgw.com.br\/blog\/nfc-e-no-amapa\/\" target=\"_blank\" rel=\"noopener\">\u200b<\/a><\/p>\n<h2 data-indice=\"19\" data-viewport=\"indice\" id=\"indice-19\"><strong>Rio Grande do Sul (RS)<\/strong><\/h2>\n<p>A NFC-e \u00e9 obrigat\u00f3ria para todos os contribuintes desde janeiro de 2020.<\/p>\n<p>Confira o calend\u00e1rio de obrigatoriedade da <a href=\"https:\/\/enotasgw.com.br\/blog\/nfc-e-no-rio-grande-do-sul\/\" target=\"_blank\" style=\"outline: none;\" rel=\"noopener\">NFC-e no Rio Grande do Sul.<\/a><\/p>\n<h2 data-indice=\"20\" data-viewport=\"indice\" id=\"indice-20\"><strong>Rond\u00f4nia (RO)<\/strong><\/h2>\n<p>A NFC-e \u00e9 obrigat\u00f3ria para todos os contribuintes desde&nbsp; janeiro de 2018.<\/p>\n<p>Confira o calend\u00e1rio de obrigatoriedade da <a href=\"https:\/\/enotasgw.com.br\/blog\/nfc-e-em-rondonia\/\" target=\"_blank\" rel=\"noopener\">NFC-e em Rond\u00f4nia<\/a>.<\/p>\n<h2 data-indice=\"21\" data-viewport=\"indice\" id=\"indice-21\"><strong>Roraima (RR)<\/strong><\/h2>\n<p>A NFC-e \u00e9 obrigat\u00f3ria para todos os contribuintes desde julho de 2016.&nbsp;<\/p>\n<h2 data-indice=\"22\" data-viewport=\"indice\" id=\"indice-22\"><strong>Santa Catarina (SC)<\/strong><\/h2>\n<p>A NFC-e em Santa Catarina ser\u00e1 implantada a partir de 2020.&nbsp;<\/p>\n<p>Confira o calend\u00e1rio de obrigatoriedade da <a href=\"https:\/\/enotas.com.br\/blog\/nfce-em-santa-catarina\/\" target=\"_blank\" rel=\"noopener\">NFC-e me Santa Catarina<\/a>.<\/p>\n<h2 data-indice=\"23\" data-viewport=\"indice\" id=\"indice-23\"><strong>S\u00e3o Paulo (SP)<\/strong><\/h2>\n<p>A NFC-e \u00e9 obrigat\u00f3ria para todos os contribuintes desde em janeiro de 2018 com o&nbsp;<a href=\"https:\/\/enotas.com.br\/blog\/sat-fiscal\/\" target=\"_blank\" rel=\"noopener\">SAT.<\/a><\/p>\n<p><span><a href=\"https:\/\/enotas.com.br\/blog\/ebook\/guia-pratico-sat-fiscal\/\" target=\"_blank\" rel=\"noopener\"><img decoding=\"async\" alt=\"Banner Guia Pr\u00e1tico Sat Fiscal\" data-id=\"11491\" width=\"500\" data-init-width=\"760\" height=\"251\" data-init-height=\"382\" title=\"eNotas_Banner-2-Blog-eBook-SAT-Fiscal-em-Sao-Paulo\" loading=\"lazy\" src=\"https:\/\/enotas.com.br\/blog\/wp-content\/uploads\/2020\/09\/eNotas_Banner-2-Blog-eBook-SAT-Fiscal-em-Sao-Paulo.png\" data-width=\"500\" data-height=\"251\" style=\"\" data-link-wrap=\"true\"><\/a><\/span><span> Insert Content Template or Symbol<\/span><\/p>\n<h2 data-indice=\"24\" data-viewport=\"indice\" id=\"indice-24\"><strong>Sergipe (SE)<\/strong><\/h2>\n<p>A NFC-e \u00e9 obrigat\u00f3ria para todos os contribuintes desde julho de 2016.&nbsp;<\/p>\n<h2 data-indice=\"25\" data-viewport=\"indice\" id=\"indice-25\"><strong>Tocantins (TO)<\/strong><\/h2>\n<p>A NFC-e est\u00e1 em implanta\u00e7\u00e3o e ser\u00e1 totalmente obrigat\u00f3ria em julho de 2019.<\/p>\n<p>Confira o calend\u00e1rio de obrigatoriedade da <a href=\"https:\/\/enotas.com.br\/blog\/nfce-no-tocantins\/\" target=\"_blank\" rel=\"noopener\">NFC-e no Tocantins<\/a>.<\/p>\n<p>Continue acompanhando nosso blog para saber as novidades dobre NFC-e!<\/p>\n","protected":false},"excerpt":{"rendered":"<p>A Nota Fiscal de Consumidor Eletr\u00f4nica (NFCe) j\u00e1 \u00e9 realidade em muitos estados brasileiros. Por\u00e9m, alguns ainda n\u00e3o aderiram ao novo modelo e outros est\u00e3o implementando.&nbsp; Para que voc\u00ea acompanhe como est\u00e1 a situa\u00e7\u00e3o da NFC-e no seu estado, confira o calend\u00e1rio de obrigatoriedade.&nbsp; A NFC-e \u00e9 obrigat\u00f3ria para todos os contribuintes desde abril de [&#8230;]<\/p>\n","protected":false},"author":15,"featured_media":8464,"comment_status":"open","ping_status":"closed","sticky":false,"template":"","format":"standard","meta":{"footnotes":""},"categories":[7,204],"tags":[],"class_list":["post-8462","post","type-post","status-publish","format-standard","has-post-thumbnail","hentry","category-legalizacao","category-notas-fiscais"],"_links":{"self":[{"href":"https:\/\/enotas.com.br\/blog\/wp-json\/wp\/v2\/posts\/8462","targetHints":{"allow":["GET"]}}],"collection":[{"href":"https:\/\/enotas.com.br\/blog\/wp-json\/wp\/v2\/posts"}],"about":[{"href":"https:\/\/enotas.com.br\/blog\/wp-json\/wp\/v2\/types\/post"}],"author":[{"embeddable":true,"href":"https:\/\/enotas.com.br\/blog\/wp-json\/wp\/v2\/users\/15"}],"replies":[{"embeddable":true,"href":"https:\/\/enotas.com.br\/blog\/wp-json\/wp\/v2\/comments?post=8462"}],"version-history":[{"count":24,"href":"https:\/\/enotas.com.br\/blog\/wp-json\/wp\/v2\/posts\/8462\/revisions"}],"predecessor-version":[{"id":27658,"href":"https:\/\/enotas.com.br\/blog\/wp-json\/wp\/v2\/posts\/8462\/revisions\/27658"}],"wp:featuredmedia":[{"embeddable":true,"href":"https:\/\/enotas.com.br\/blog\/wp-json\/wp\/v2\/media\/8464"}],"wp:attachment":[{"href":"https:\/\/enotas.com.br\/blog\/wp-json\/wp\/v2\/media?parent=8462"}],"wp:term":[{"taxonomy":"category","embeddable":true,"href":"https:\/\/enotas.com.br\/blog\/wp-json\/wp\/v2\/categories?post=8462"},{"taxonomy":"post_tag","embeddable":true,"href":"https:\/\/enotas.com.br\/blog\/wp-json\/wp\/v2\/tags?post=8462"}],"curies":[{"name":"wp","href":"https:\/\/api.w.org\/{rel}","templated":true}]}}