{"id":9531,"date":"2020-03-16T11:32:43","date_gmt":"2020-03-16T14:32:43","guid":{"rendered":"https:\/\/enotas.com.br\/blog\/?p=9531"},"modified":"2021-03-30T18:02:15","modified_gmt":"2021-03-30T21:02:15","slug":"autocom","status":"publish","type":"post","link":"https:\/\/enotas.com.br\/blog\/autocom\/","title":{"rendered":"O que \u00e9 a AUTOCOM? Por que participar dessa feira de exposi\u00e7\u00e3o?"},"content":{"rendered":"<p><strong>\u200bEm sua 22\u00aa edi\u00e7\u00e3o, a AUTOCOM chega com for\u00e7a total, representando a maior feira de tecnologia para a automa\u00e7\u00e3o do com\u00e9rcio da Am\u00e9rica Latina! <\/strong><\/p>\n<p>Se voc\u00ea \u00e9 empreendedor ou tem interesse no setor de varejo, ent\u00e3o, voc\u00ea n\u00e3o pode perder a oportunidade de participar da <strong>AUTOCOM<\/strong>.<\/p>\n<p>Trata-se, simplesmente, da <strong>maior <\/strong><strong>feira de <\/strong><a href=\"https:\/\/enotas.com.br\/blog\/automacao-comercial\/\" target=\"_blank\" rel=\"noopener noreferrer\"><strong>automa\u00e7\u00e3o comercial<\/strong><u><strong> <\/strong><\/u><\/a><strong>da Am\u00e9rica Latina.&nbsp;<\/strong><\/p>\n<p>Entre os objetivos do evento, est\u00e1 o prop\u00f3sito de evidenciar os principais lan\u00e7amentos do setor, conectando todo o ecossistema de automa\u00e7\u00e3o e com\u00e9rcio em um \u00fanico lugar.<\/p>\n<p>Devido a tamanha magnitude, n\u00e3o descarta-se a oportunidade para empres\u00e1rios, diretores e gestores discutirem as tend\u00eancias, evolu\u00e7\u00e3o e networking.&nbsp;<\/p>\n<p>Vale lembrar, que expositores estar\u00e3o espalhados por todo sal\u00e3o, apresentando solu\u00e7\u00f5es adequadas \u00e0 legisla\u00e7\u00e3o e \u00e0s necessidades nacionais, garantindo a aplica\u00e7\u00e3o imediata nos mais variados tipos de neg\u00f3cios.<\/p>\n<p>Quer saber mais sobre a AUTOCOM e tirar d\u00favidas a respeito dessa feira de automa\u00e7\u00e3o? Ent\u00e3o continue acompanhando este post.&nbsp;<\/p>\n<h2 data-indice=\"0\" data-viewport=\"indice\" id=\"indice-0\">O que \u00e9 a AUTOCOM?<\/h2>\n<p>A <strong>AUTOCOM<\/strong> \u00e9 o palco de lan\u00e7amentos em tecnologia para Automa\u00e7\u00e3o do Com\u00e9rcio. A feira busca trazer expositores para apresentarem suas solu\u00e7\u00f5es e novidades para a <strong>automa\u00e7\u00e3o do varejo<\/strong>.<\/p>\n<p>Em sua <strong>22\u00aa Edi\u00e7\u00e3o<\/strong>, a presen\u00e7a dos maiores players do mercado j\u00e1 est\u00e1 marcada:&nbsp;<\/p>\n<ul>\n<li>Fabricantes de Hardware e Software<\/li>\n<li>Meios de pagamento<\/li>\n<li>Startups<\/li>\n<li>e-commerces;<\/li>\n<li>Canais de distribui\u00e7\u00e3o<strong><strong>&nbsp;<\/strong><\/strong><\/li>\n<\/ul>\n<p>Sem d\u00favidas, mais uma vez, em <strong>mais de 20 anos,<\/strong> a AUTOCOM reunir\u00e1 um p\u00fablico altamente qualificado, misturando profissionais do varejo e do com\u00e9rcio. Ser\u00e3o <strong>3 dias<\/strong> de evento, come\u00e7ando no dia <strong>31 de Mar\u00e7o<\/strong> e terminando no dia <strong>1\u00b0 de Abril<\/strong>.&nbsp;<\/p>\n<p>O tema <strong>\u201cO futuro da tecnologia \u00e9 agora\u201d<\/strong> foi eleito como principal e trar\u00e1 uma programa\u00e7\u00e3o recheada de novidades com conte\u00fado interessante para todos: varejistas, fabricantes, distribuidores, revendedores e desenvolvedores de software.<\/p>\n<p>J\u00e1 entre os assuntos complementares programados est\u00e3o:<\/p>\n<ul>\n<li><a href=\"https:\/\/www.totvs.com\/blog\/gestao-varejista\/omnichannel\/\" target=\"_blank\" rel=\"noopener noreferrer\">Omnichannel<\/a>;<\/li>\n<li><a href=\"https:\/\/enotas.com.br\/blog\/o-que-e-marketplace\/\" target=\"_blank\" style=\"outline: none;\" rel=\"noopener noreferrer\"><strong>Marketplaces<\/strong><\/a>;<\/li>\n<li>Solu\u00e7\u00f5es, tecnologias aplicadas para melhoria da jornada do cliente;<\/li>\n<li><a href=\"https:\/\/enotas.com.br\/blog\/principais-meios-de-pagamento\/\" target=\"_blank\" style=\"outline: none;\" rel=\"noopener noreferrer\"><strong>Meios de pagamentos<\/strong><\/a> e checkouts autom\u00e1ticos para melhorar a experi\u00eancia de compra;<\/li>\n<li>Venda de valor agregado;<\/li>\n<li>Era da receita recorrente;<\/li>\n<li>Como obter o melhor resultado no mundo GAFA (Google, Amazon, Facebook e Apple).<\/li>\n<\/ul>\n<p>Na vis\u00e3o de <strong>Zenon Leite Neto<\/strong>, presidente da <strong>AFRAC<\/strong> (Associa\u00e7\u00e3o Brasileira de Automa\u00e7\u00e3o para o Com\u00e9rcio) \u2014 existem duas raz\u00f5es pelas quais as pessoas participam dessas feiras:<\/p>\n<ul>\n<li>Descobrir para onde o segmento caminha (<a href=\"https:\/\/enotas.com.br\/blog\/tendencias-da-tecnologia-para-automatizacao\/\" target=\"_blank\" rel=\"noopener noreferrer\"><strong>tend\u00eancias<\/strong><\/a>, perspectivas\u2026)<\/li>\n<li>Compreender, na vida real, como as novas tecnologias est\u00e3o impactando o setor (<a href=\"https:\/\/enotas.com.br\/blog\/aumentar-a-sua-produtividade\/\" target=\"_blank\" rel=\"noopener noreferrer\"><strong>produtividade<\/strong><\/a>, <a href=\"https:\/\/enotas.com.br\/blog\/reducao-de-custos\/\" style=\"outline: none;\" target=\"_blank\" rel=\"noopener noreferrer\"><strong>redu\u00e7\u00e3o de custos<\/strong><\/a>, melhoria de processos\u2026)<\/li>\n<\/ul>\n<p>Sobre o evento, <strong>Roccato<\/strong>&nbsp; afirma:<\/p>\n<p><em><strong>&#8220;Ser\u00e3o dois dias intensos de imers\u00e3o no estado da arte do varejo, com a realiza\u00e7\u00e3o de seis sess\u00f5es de conte\u00fado e dois pain\u00e9is de tend\u00eancias, com representantes da ind\u00fastria, varejistas, meios de pagamento e demais elos da cadeia\u201d<\/strong><\/em><\/p>\n<h2 data-indice=\"1\" data-viewport=\"indice\" id=\"indice-1\">Para quem \u00e9 a AUTOCOM?<\/h2>\n<p>A AUTOCOM recebe propriet\u00e1rios, s\u00f3cios, diretores e profissionais do com\u00e9rcio com grande poder de decis\u00e3o, que visitam a feira para conhecer as novidades e tend\u00eancias em tecnologia, networking, parcerias e fechar bons neg\u00f3cios.<\/p>\n<p>Portanto, se voc\u00ea se encaixa nesse perfil, e est\u00e1 atr\u00e1s de adquirir conhecimento sobre produtos, tend\u00eancias, inova\u00e7\u00e3o, marketing, empreendedorismo, fazer parcerias, ent\u00e3o esse \u00e9 o seu lugar!<\/p>\n<h2 data-indice=\"2\" data-viewport=\"indice\" id=\"indice-2\">Onde e quando ocorrer\u00e1 a AUTOCOM 2020?<\/h2>\n<p>Como foi dito, ser\u00e3o 3 dias (31\/03 a 02\/04) de pura imers\u00e3o tecnol\u00f3gica. O hor\u00e1rio marcado para in\u00edcio \u00e9 \u00e0s 10h e t\u00e9rmino \u00e0s 18h de cada dia.<\/p>\n<p>O local n\u00e3o tem mist\u00e9rio, acontecer\u00e1 no Expo Center Norte \u2013 Pavilh\u00e3o Amarelo \u2013 em S\u00e3o Paulo.<\/p>\n<h2 data-indice=\"3\" data-viewport=\"indice\" id=\"indice-3\">Quais s\u00e3o as palestras da AUTOCOM 2020?<\/h2>\n<p>Bom, a 22\u00aa edi\u00e7\u00e3o contar\u00e1 com mais de 150 marcas expositoras. Empresas tradicionais, entrantes nacionais e multinacionais de todos os portes e que atuam em v\u00e1rias verticais de tecnologia para o varejo marcar\u00e3o presen\u00e7a no evento.<\/p>\n<p>Entre os destaques teremos:<\/p>\n<ul>\n<li>A Urano (refer\u00eancia em solu\u00e7\u00f5es tecnol\u00f3gicas em pesagem e automa\u00e7\u00e3o comercial);<\/li>\n<li>A Control iD ( que trar\u00e1 sua linha inovadora de impressoras t\u00e9rmicas Print iD);<\/li>\n<li>A TS Shara (fabricante nacional de equipamentos de prote\u00e7\u00e3o de energia);<\/li>\n<li>A Perto (que apresentar\u00e1 o lan\u00e7amento da Pertocash Automation);<\/li>\n<li>A SoftUp ( com mais de 23 anos de mercado, atua no desenvolvimento de solu\u00e7\u00f5es completas de gest\u00e3o empresarial para atacado, varejo e presta\u00e7\u00e3o de servi\u00e7o);<\/li>\n<li>V\u00e1rias startups de destaque, como a<strong> <\/strong><a href=\"https:\/\/enotas.com.br\/\" target=\"_blank\" rel=\"noopener noreferrer\"><strong>eNotas<\/strong><\/a>, tamb\u00e9m v\u00e3o estar presentes.<\/li>\n<\/ul>\n<h2 data-indice=\"4\" data-viewport=\"indice\" id=\"indice-4\">Como participar da AUTOCOM 2020?<\/h2>\n<p>Para visitar a feira acesse o nosso <a href=\"http:\/\/www.feiraautocom.com.br\" target=\"_blank\" rel=\"noopener noreferrer\"><strong>site oficial<\/strong><\/a> do evento e efetue o seu credenciamento<\/p>\n<p>online ou no Credenciamento no Pavilh\u00e3o, onde \u00e9 poss\u00edvel retirar sua credencial nos totens de autoatendimento.<\/p>\n<h2 data-indice=\"5\" data-viewport=\"indice\" id=\"indice-5\">Ficou com alguma d\u00favida?<\/h2>\n<p>Montamos uma lista com as<strong> principais perguntas<\/strong> a respeito da AUTOCOM. Confira o conte\u00fado logo abaixo, mas caso n\u00e3o encontre a resposta desejada, aconselhamos para que entre em contato com a plataforma de atendimento do evento.<\/p>\n<h3>\u00c9 poss\u00edvel transferir minha credencial para outra pessoa?<\/h3>\n<p>N\u00e3o! A credencial \u00e9 pessoal e intransfer\u00edvel, estando vinculada a um CPF \u00fanico.<\/p>\n<h3>O local disp\u00f5e de estacionamento?<\/h3>\n<p>Sim! O estacionamento do Pavilh\u00e3o Amarelo Expo Center Norte. A di\u00e1ria custa R$ 45,00.<\/p>\n<p>No mais, \u00e9 poss\u00edvel utilizar de servi\u00e7os de t\u00e1xi e aplicativos no local.<\/p>\n<h3>O evento possui servi\u00e7o de translado gratuito?<\/h3>\n<p>Sim! Durante a realiza\u00e7\u00e3o da AUTOCOM ser\u00e3o disponibilizadas vans circulares de ida e volta do metr\u00f4 Tiet\u00ea, na \u00e1rea de desembarque.<\/p>\n<h3>Qual o aeroporto mais pr\u00f3ximo do lugar?<\/h3>\n<p>O aeroporto mais pr\u00f3ximo \u00e9 Aeroporto de Guarulhos, situado no seguinte endere\u00e7o:<\/p>\n<p>Rod. H\u00e9lio Smidt, s\/n\u00ba &#8211; Aeroporto, Guarulhos &#8211; SP, 07190-100 &#8211; S\u00e3o Paulo \u2013 SP.<\/p>\n<p>Telefone: (11) 2445-2945 | Hor\u00e1rio de atendimento das 9h \u00e0s 17h, de segunda a sexta.<\/p>\n<h3>H\u00e1 restri\u00e7\u00f5es de acesso \u00e0 entrada?<\/h3>\n<p>Sim! Ser\u00e1 proibido:<\/p>\n<ul>\n<li>Entrada de menores de 18 anos;<\/li>\n<li>Entrada de pessoas trajando bermudas, camisetas regatas e\/ou chinelos;<\/li>\n<li>Entrada de animais de estima\u00e7\u00e3o, exceto c\u00e3es-guia.<\/li>\n<\/ul>\n<p><strong>aten\u00e7\u00e3o<\/strong><\/p>\n<p><strong><\/strong>Por delibera\u00e7\u00e3o da Prefeitura de S\u00e3o Paulo, todas as feiras e eventos acima de&nbsp;<strong>250&nbsp;<\/strong>pessoas foram<strong>&nbsp;proibidas<\/strong> de realiza\u00e7\u00e3o.<\/p>\n<p>Desta forma, por for\u00e7a maior, a&nbsp;<strong>AUTOCOM 2020 foi adiada<\/strong>&nbsp;e ter\u00e1 como pr\u00f3xima data os dias&nbsp;<strong>17, 18 e 19 de Agosto de 2020.<\/strong><\/p>\n<p><strong>Estaremos monitorando as not\u00edcias e atualizando o post com as devidas novidades sobre o assunto.<\/strong><\/p>\n<p><strong>Conclus\u00e3o<\/strong><\/p>\n<p>Nesse post, voc\u00ea p\u00f4de ficar mais por dentro da <strong>AUTOCOM<\/strong>, que ter\u00e1 sede aqui no Brasil, na cidade de <strong>S\u00e3o Paulo,<\/strong> e que ser\u00e1 recheado de atra\u00e7\u00f5es e oportunidades.<\/p>\n<p>Aproveitando o tema, voc\u00ea j\u00e1 ouviu falar sobre o <a href=\"https:\/\/enotas.com.br\/blog\/erp-summit\/\" target=\"_blank\" rel=\"noopener noreferrer\"><strong>ERP Summit<\/strong><\/a>? O evento \u00e9 uma das maiores atra\u00e7\u00f5es de <strong>ERPs<\/strong> e gest\u00e3o da Am\u00e9rica Latina!&nbsp;&nbsp;<\/p>\n","protected":false},"excerpt":{"rendered":"<p>\u200bEm sua 22\u00aa edi\u00e7\u00e3o, a AUTOCOM chega com for\u00e7a total, representando a maior feira de tecnologia para a automa\u00e7\u00e3o do com\u00e9rcio da Am\u00e9rica Latina! Se voc\u00ea \u00e9 empreendedor ou tem interesse no setor de varejo, ent\u00e3o, voc\u00ea n\u00e3o pode perder a oportunidade de participar da AUTOCOM. Trata-se, simplesmente, da maior feira de automa\u00e7\u00e3o comercial da [&#8230;]<\/p>\n","protected":false},"author":15,"featured_media":9534,"comment_status":"open","ping_status":"closed","sticky":false,"template":"","format":"standard","meta":{"footnotes":""},"categories":[36],"tags":[],"class_list":["post-9531","post","type-post","status-publish","format-standard","has-post-thumbnail","hentry","category-negocios"],"_links":{"self":[{"href":"https:\/\/enotas.com.br\/blog\/wp-json\/wp\/v2\/posts\/9531","targetHints":{"allow":["GET"]}}],"collection":[{"href":"https:\/\/enotas.com.br\/blog\/wp-json\/wp\/v2\/posts"}],"about":[{"href":"https:\/\/enotas.com.br\/blog\/wp-json\/wp\/v2\/types\/post"}],"author":[{"embeddable":true,"href":"https:\/\/enotas.com.br\/blog\/wp-json\/wp\/v2\/users\/15"}],"replies":[{"embeddable":true,"href":"https:\/\/enotas.com.br\/blog\/wp-json\/wp\/v2\/comments?post=9531"}],"version-history":[{"count":18,"href":"https:\/\/enotas.com.br\/blog\/wp-json\/wp\/v2\/posts\/9531\/revisions"}],"predecessor-version":[{"id":17943,"href":"https:\/\/enotas.com.br\/blog\/wp-json\/wp\/v2\/posts\/9531\/revisions\/17943"}],"wp:featuredmedia":[{"embeddable":true,"href":"https:\/\/enotas.com.br\/blog\/wp-json\/wp\/v2\/media\/9534"}],"wp:attachment":[{"href":"https:\/\/enotas.com.br\/blog\/wp-json\/wp\/v2\/media?parent=9531"}],"wp:term":[{"taxonomy":"category","embeddable":true,"href":"https:\/\/enotas.com.br\/blog\/wp-json\/wp\/v2\/categories?post=9531"},{"taxonomy":"post_tag","embeddable":true,"href":"https:\/\/enotas.com.br\/blog\/wp-json\/wp\/v2\/tags?post=9531"}],"curies":[{"name":"wp","href":"https:\/\/api.w.org\/{rel}","templated":true}]}}